{"id":8954,"date":"2023-05-02T02:08:36","date_gmt":"2023-05-02T07:08:36","guid":{"rendered":"https:\/\/informebajio.com.mx\/?p=8954"},"modified":"2023-05-02T02:08:36","modified_gmt":"2023-05-02T07:08:36","slug":"hay-130-menores-candidatos-para-ser-adoptados-dif","status":"publish","type":"post","link":"https:\/\/informebajio.com.mx\/?p=8954","title":{"rendered":"Hay 130 menores candidatos para ser adoptados: DIF"},"content":{"rendered":"<div>\n<p>Javier Hern\u00e1ndez<\/p>\n<p>Noticias<\/p>\n<p>\u00a0<\/p>\n<p><!-- Composite Start --><\/p>\n<p><!-- Composite End --><\/p>\n<p>La convocatoria se abre el pr\u00f3ximo 8 de mayo<\/p>\n<p>El 8 de mayo saldr\u00e1 la convocatoria para el pre-registro de las personas que est\u00e9n interesadas en adoptar a un menor por parte del Sistema Estatal DIF, inform\u00f3 su director Oscar G\u00f3mez Niembro, quien dijo que con este programa se pretende recuperarles el derecho a los ni\u00f1os a vivir en familia.<\/p>\n<p>\u201cSe tom\u00f3 ya la decisi\u00f3n dentro del consejo de adopci\u00f3n, este \u00f3rgano al interior de la Procuradur\u00eda de Protecci\u00f3n de Ni\u00f1as, Ni\u00f1os y Adolescentes, el 8 de mayo vamos a sacar la convocatoria, es un \u00fanico d\u00eda en el que la gente interesada va a poder acudir a hacer este pre registro, vamos a utilizar el mismo formato que usamos en octubre del a\u00f1o pasado donde la invitaci\u00f3n es para familias que est\u00e9n interesados en este proceso y que residan en el estado de Quer\u00e9taro\u201d, indic\u00f3 G\u00f3mez Niembro.<\/p>\n<p>Al respecto, el director del SEDIF dijo que al momento hay entre 120 y 130 menores, ni\u00f1as y ni\u00f1os mayores de cinco a\u00f1os y grupos de hermanos, o alguna ni\u00f1a, ni\u00f1o o adolescente con alg\u00fan tipo de discapacidad que son candidatos a ser adoptados.<\/p>\n<p>\u201cEsto lo hacemos as\u00ed porque estas poblaciones que est\u00e1n bajo nuestra responsabilidad, es importante poder intentar abrirles puertas para que podamos restituirles el derecho a vivir en familia a trav\u00e9s de la figura de la adopci\u00f3n\u201d.<\/p>\n<p>El funcionario estatal refiri\u00f3 que en la convocatoria que concretaron en agosto del a\u00f1o pasado se registraron 120 solicitudes de adopci\u00f3n que contin\u00faan en el proceso, que aproximadamente dura siete meses y que conlleva una evaluaci\u00f3n.<\/p>\n<p>\u201cResult\u00f3 ser positivo (el primer proceso), hicimos tambi\u00e9n una capacitaci\u00f3n a trav\u00e9s de la Asociaci\u00f3n Newman, un taller de sensibilizaci\u00f3n que dur\u00f3 dos d\u00edas y que fue muy exitoso para que las personas que se inscriben a este proceso entiendan cu\u00e1l es la situaci\u00f3n y cu\u00e1les son los temas que se tienen que evaluar y conocer para continuar el proceso\u201d.<\/p>\n<p>Cabe resaltar el 8 de mayo se abrir\u00e1 la convocatoria y ser\u00e1 el d\u00eda 19 de mayo el \u00fanico d\u00eda de registro para las personas que est\u00e9n interesadas en ser parte de este sistema de adopci\u00f3n.<\/p>\n<p>\u00a0<\/p>\n<\/div>\n<p><\/p>\n","protected":false},"excerpt":{"rendered":"<p>Javier Hern\u00e1ndez Noticias \u00a0 La convocatoria se abre el pr\u00f3ximo 8 de mayo El 8 de mayo saldr\u00e1 la convocatoria para el pre-registro de las personas que est\u00e9n interesadas en adoptar a un menor por parte del Sistema Estatal DIF, inform\u00f3 su director Oscar G\u00f3mez Niembro, quien dijo que con este programa se pretende recuperarles [&hellip;]<\/p>\n","protected":false},"author":2,"featured_media":8955,"comment_status":"","ping_status":"","sticky":false,"template":"","format":"standard","meta":{"_monsterinsights_skip_tracking":false,"_monsterinsights_sitenote_active":false,"_monsterinsights_sitenote_note":"","_monsterinsights_sitenote_category":0,"footnotes":""},"categories":[4],"tags":[],"class_list":["post-8954","post","type-post","status-publish","format-standard","has-post-thumbnail","hentry","category-queretaro"],"_links":{"self":[{"href":"https:\/\/informebajio.com.mx\/index.php?rest_route=\/wp\/v2\/posts\/8954","targetHints":{"allow":["GET"]}}],"collection":[{"href":"https:\/\/informebajio.com.mx\/index.php?rest_route=\/wp\/v2\/posts"}],"about":[{"href":"https:\/\/informebajio.com.mx\/index.php?rest_route=\/wp\/v2\/types\/post"}],"author":[{"embeddable":true,"href":"https:\/\/informebajio.com.mx\/index.php?rest_route=\/wp\/v2\/users\/2"}],"replies":[{"embeddable":true,"href":"https:\/\/informebajio.com.mx\/index.php?rest_route=%2Fwp%2Fv2%2Fcomments&post=8954"}],"version-history":[{"count":0,"href":"https:\/\/informebajio.com.mx\/index.php?rest_route=\/wp\/v2\/posts\/8954\/revisions"}],"wp:featuredmedia":[{"embeddable":true,"href":"https:\/\/informebajio.com.mx\/index.php?rest_route=\/wp\/v2\/media\/8955"}],"wp:attachment":[{"href":"https:\/\/informebajio.com.mx\/index.php?rest_route=%2Fwp%2Fv2%2Fmedia&parent=8954"}],"wp:term":[{"taxonomy":"category","embeddable":true,"href":"https:\/\/informebajio.com.mx\/index.php?rest_route=%2Fwp%2Fv2%2Fcategories&post=8954"},{"taxonomy":"post_tag","embeddable":true,"href":"https:\/\/informebajio.com.mx\/index.php?rest_route=%2Fwp%2Fv2%2Ftags&post=8954"}],"curies":[{"name":"wp","href":"https:\/\/api.w.org\/{rel}","templated":true}]}}