{"id":8978,"date":"2023-05-02T07:09:01","date_gmt":"2023-05-02T12:09:01","guid":{"rendered":"https:\/\/informebajio.com.mx\/?p=8978"},"modified":"2023-05-02T07:09:01","modified_gmt":"2023-05-02T12:09:01","slug":"sectur-impulsara-el-turismo-ruraladriana-vega","status":"publish","type":"post","link":"https:\/\/informebajio.com.mx\/?p=8978","title":{"rendered":"SECTUR impulsar\u00e1 el turismo rural:Adriana Vega"},"content":{"rendered":"<div>\n<p class=\"Normal1\" style=\"text-align: justify; text-justify: inter-ideograph;\"><span lang=\"UZ-CYR\" style=\"font-size: 14.0pt; line-height: 115%;\">Diego Gonz\u00e1lez <\/span><\/p>\n<p class=\"Normal1\" style=\"text-align: justify; text-justify: inter-ideograph;\"><span lang=\"UZ-CYR\" style=\"font-size: 14.0pt; line-height: 115%;\">Noticias<\/span><\/p>\n<p class=\"Normal1\" style=\"text-align: justify; text-justify: inter-ideograph;\"><span lang=\"UZ-CYR\" style=\"font-size: 14.0pt; line-height: 115%;\">\u00a0<\/span><\/p>\n<p><!-- Composite Start --><\/p>\n<p><!-- Composite End --><\/p>\n<p class=\"Normal1\" style=\"text-align: justify; text-justify: inter-ideograph;\"><span lang=\"UZ-CYR\" style=\"font-size: 14.0pt; line-height: 115%;\">Luego de que artesanos de la comunidad de Santiago Mexquititl\u00e1n, Amealco, dieran a conocer su inconformidad respecto a temas de difusi\u00f3n y estrategias tur\u00edsticas y arsenales por parte de gobierno, Adriana Vega V\u00e1zquez Mellado, titular de la Secretar\u00eda de Turismo (SECTUR) expres\u00f3 que se generar\u00e1 turismo rural para fortalecer comunidades del estado.<\/span><\/p>\n<p class=\"Normal1\" style=\"text-align: justify; text-justify: inter-ideograph;\"><span lang=\"UZ-CYR\" style=\"font-size: 14.0pt; line-height: 115%;\">Dijo que la Secretar\u00eda de Turismo del Estado se encuentra en pl\u00e1ticas, en coordinaci\u00f3n con el ramo de Desarrollo Tur\u00edstico, para la aplicaci\u00f3n de la actividad de turismo rural, pues se busca beneficiar cada espacio y actividades que se realicen en dichas zonas del estado.<\/span><\/p>\n<p class=\"Normal1\" style=\"text-align: justify; text-justify: inter-ideograph;\"><span lang=\"UZ-CYR\" style=\"font-size: 14.0pt; line-height: 115%;\">Al referirse a un posible acompa\u00f1amiento por parte de SECTUR, para la presentaci\u00f3n de las iniciativas ante el cabildo por parte de los habitantes de la comunidad, la titular de turismo en la entidad subray\u00f3 que dicho ejercicio no es parte de los trabajos que pueda realizar la Secretar\u00eda, sin embargo, refrend\u00f3 el compromiso que tienen, asegurando que la dependencia impulsa productos y proyectos que detonen econom\u00eda o beneficios para el sector y quienes lo conformen.<\/span><\/p>\n<p class=\"Normal1\" style=\"text-align: justify; text-justify: inter-ideograph;\"><span lang=\"UZ-CYR\" style=\"font-size: 14.0pt; line-height: 115%;\">Respecto al llamado que hicieron los artesanos, para la realizaci\u00f3n de un llamado \u201cadecuado\u201d en la difusi\u00f3n que realizan terceros sobre la mu\u00f1eca Lele, expres\u00f3 que as\u00ed se est\u00e1 llevando a cabo.<\/span><\/p>\n<p class=\"Normal1\" style=\"text-align: justify; text-justify: inter-ideograph;\"><span lang=\"UZ-CYR\" style=\"font-size: 14.0pt; line-height: 115%;\">\u201cComo nunca se est\u00e1 haciendo una promoci\u00f3n impresionante de Lele, y la promoci\u00f3n es todo lo que hay detr\u00e1s de la artesan\u00eda porque no solo es eso, sino que tambi\u00e9n se abrazan productos como los tejidos con Ixtle, en Cadereyta; Tequisquiapan con cester\u00eda. Con Lele hemos encontrado una representaci\u00f3n importante\u201d expres\u00f3.<\/span><\/p>\n<p class=\"Normal1\" style=\"text-align: justify; text-justify: inter-ideograph;\"><span lang=\"UZ-CYR\" style=\"font-size: 14.0pt; line-height: 115%;\">Por otro lado y al ser cuestionada sobre la posibilidad de realizar di\u00e1logos para la posible rebaja en los costos de stands en la feria de Amealco, y los cuales los artesanos aseguran no poder costearlos, Vega V\u00e1zquez Mellado explic\u00f3 que es con las mismas autoridades municipales, con quienes se debe platicar dicho tema, ya que la secretar\u00eda, dijo, solo apoya con promoci\u00f3n y difusi\u00f3n.<\/span><\/p>\n<p class=\"Normal1\" style=\"text-align: justify; text-justify: inter-ideograph;\"><span lang=\"UZ-CYR\" style=\"font-size: 14.0pt; line-height: 115%;\">\u201cNosotros s\u00ed apoyamos a la feria de Amealco, damos promoci\u00f3n y difusi\u00f3n pero cada municipio es responsable de su feria, ellos establecen todo. Si se da alguna pl\u00e1tica en la que podamos ac\u00e9rcanos o que se acerquen, podr\u00edamos tener un di\u00e1logo para ver una posible intervenci\u00f3n del asunto\u201d.<\/span><\/p>\n<\/div>\n<p><\/p>\n","protected":false},"excerpt":{"rendered":"<p>Diego Gonz\u00e1lez Noticias \u00a0 Luego de que artesanos de la comunidad de Santiago Mexquititl\u00e1n, Amealco, dieran a conocer su inconformidad respecto a temas de difusi\u00f3n y estrategias tur\u00edsticas y arsenales por parte de gobierno, Adriana Vega V\u00e1zquez Mellado, titular de la Secretar\u00eda de Turismo (SECTUR) expres\u00f3 que se generar\u00e1 turismo rural para fortalecer comunidades del [&hellip;]<\/p>\n","protected":false},"author":2,"featured_media":8979,"comment_status":"","ping_status":"","sticky":false,"template":"","format":"standard","meta":{"_monsterinsights_skip_tracking":false,"_monsterinsights_sitenote_active":false,"_monsterinsights_sitenote_note":"","_monsterinsights_sitenote_category":0,"footnotes":""},"categories":[4],"tags":[],"class_list":["post-8978","post","type-post","status-publish","format-standard","has-post-thumbnail","hentry","category-queretaro"],"_links":{"self":[{"href":"https:\/\/informebajio.com.mx\/index.php?rest_route=\/wp\/v2\/posts\/8978","targetHints":{"allow":["GET"]}}],"collection":[{"href":"https:\/\/informebajio.com.mx\/index.php?rest_route=\/wp\/v2\/posts"}],"about":[{"href":"https:\/\/informebajio.com.mx\/index.php?rest_route=\/wp\/v2\/types\/post"}],"author":[{"embeddable":true,"href":"https:\/\/informebajio.com.mx\/index.php?rest_route=\/wp\/v2\/users\/2"}],"replies":[{"embeddable":true,"href":"https:\/\/informebajio.com.mx\/index.php?rest_route=%2Fwp%2Fv2%2Fcomments&post=8978"}],"version-history":[{"count":0,"href":"https:\/\/informebajio.com.mx\/index.php?rest_route=\/wp\/v2\/posts\/8978\/revisions"}],"wp:featuredmedia":[{"embeddable":true,"href":"https:\/\/informebajio.com.mx\/index.php?rest_route=\/wp\/v2\/media\/8979"}],"wp:attachment":[{"href":"https:\/\/informebajio.com.mx\/index.php?rest_route=%2Fwp%2Fv2%2Fmedia&parent=8978"}],"wp:term":[{"taxonomy":"category","embeddable":true,"href":"https:\/\/informebajio.com.mx\/index.php?rest_route=%2Fwp%2Fv2%2Fcategories&post=8978"},{"taxonomy":"post_tag","embeddable":true,"href":"https:\/\/informebajio.com.mx\/index.php?rest_route=%2Fwp%2Fv2%2Ftags&post=8978"}],"curies":[{"name":"wp","href":"https:\/\/api.w.org\/{rel}","templated":true}]}}