{"id":8994,"date":"2023-05-02T11:47:58","date_gmt":"2023-05-02T16:47:58","guid":{"rendered":"https:\/\/informebajio.com.mx\/?p=8994"},"modified":"2023-05-02T11:47:58","modified_gmt":"2023-05-02T16:47:58","slug":"se-ha-normalizado-ver-a-ninos-trabajando-en-las-calles","status":"publish","type":"post","link":"https:\/\/informebajio.com.mx\/?p=8994","title":{"rendered":"Se ha normalizado ver a ni\u00f1os trabajando en las calles"},"content":{"rendered":"<div id=\"content-body-5851641-9996257\">\n<p><b>SALVATIERRA, Gto.-<\/b> Se ha normalizado el ver a ni\u00f1os trabajando o pidiendo dinero en la calle sin tomar en cuenta la explotaci\u00f3n infantil que viven d\u00eda con d\u00eda decenas de infantes en el municipio y sus comunidades, expres\u00f3 el regidor de MORENA Jorge Luis Zamora Cabrera.<\/p>\n<p><b><a href=\"http:\/\/oem.pressreader.com\/el-sol-de-bajio\" target=\"_self\" rel=\"Follow noopener\">\u27a1\ufe0fSuscr\u00edbete a nuestra edici\u00f3n digital<\/a><\/b><\/p>\n<p>Dijo que el Sistema DIF Salvatierra no tiene un registro de todos los ni\u00f1os en situaci\u00f3n de calle, tanto en comunidades como en la cabecera municipal, lo cual impide realizar un plan de acci\u00f3n para solucionar el problema social y disminuir el riesgo que a diario sufren todos esos ni\u00f1os al exponerse a los peligros de la calle.<\/p>\n<p>\u201cEn algunas comunidades hay decenas de ni\u00f1os que no van a la escuela porque se dedican a las labores dom\u00e9sticas, familiares o al campo, por lo que son percibidos como un trabajador m\u00e1s, sin tener en cuenta que es explotaci\u00f3n infantil bajo el argumento de que son tradiciones de las localidades\u201d, se\u00f1al\u00f3.<\/p>\n<p>Coment\u00f3 que el caso de la cabecera municipal el factor cambia, ya que se invisibiliza y se ve como natural, ya que hay establecimientos a donde acuden diariamente todos estos ni\u00f1os en b\u00fasqueda de una moneda o algo de comida y en ocasiones se les brinda y en otras se les niega, adem\u00e1s de que no son adecuados para los infantes.<\/p>\n<p>Refiri\u00f3 que los ni\u00f1os que vemos en las calles trabajando vendiendo dulces o en los sem\u00e1foros no son hu\u00e9rfanos, todos ellos tienen alg\u00fan tutor, ya sea solo madre, solo padre, alg\u00fan t\u00edo o los abuelos, sin embargo son ni\u00f1os que est\u00e1n desatendidos en su n\u00facleo familiar.<\/p>\n<p>\u201cNo se debe culpar a nadie, pero s\u00ed se debe responsabilizar a todos, desde las pol\u00edticas p\u00fablicas municipales y las familias de los peque\u00f1os, hasta todos los que vemos a esos ni\u00f1os y no hacemos nada m\u00e1s all\u00e1 que darles algo del cambio que tenemos\u201d, dijo el Regidor de MORENA.<\/p>\n<p>Dijo estar convencido que si se implementa una estrategia para el acceso a la alimentaci\u00f3n digna en el municipio la gran mayor\u00eda de los ni\u00f1os que se ven en las calles pidiendo dinero o trabajando ya no lo har\u00edan porque se estar\u00eda cumpliendo con la principal y m\u00e1s importante funci\u00f3n b\u00e1sica para la vida que es la alimentaci\u00f3n.<\/p>\n<p>\u201cPuede implementarse un comentador comunitario para las infancias de manera altruistas donde se coordine toda la sociedad y aporte un poco como los proveedores de servicios donde diariamente desperdicia mucha comida que bien podr\u00eda servir para alimentar a estos peque\u00f1os\u201d finaliz\u00f3.<\/p>\n<\/div>\n<p><script>(function(d, s, id) {\nvar js, fjs = d.getElementsByTagName(s)[0];\nif (d.getElementById(id)) return;\njs = d.createElement(s); js.id = id;\njs.src = 'https:\/\/connect.facebook.net\/es_LA\/sdk.js#xfbml=1&version=v3.2&appId=899106460676237&autoLogAppEvents=1';\nfjs.parentNode.insertBefore(js, fjs);\n}(document, 'script', 'facebook-jssdk'));\n<\/script><\/p>\n","protected":false},"excerpt":{"rendered":"<p>SALVATIERRA, Gto.- Se ha normalizado el ver a ni\u00f1os trabajando o pidiendo dinero en la calle sin tomar en cuenta la explotaci\u00f3n infantil que viven d\u00eda con d\u00eda decenas de infantes en el municipio y sus comunidades, expres\u00f3 el regidor de MORENA Jorge Luis Zamora Cabrera. \u27a1\ufe0fSuscr\u00edbete a nuestra edici\u00f3n digital Dijo que el Sistema [&hellip;]<\/p>\n","protected":false},"author":2,"featured_media":8995,"comment_status":"","ping_status":"","sticky":false,"template":"","format":"standard","meta":{"_monsterinsights_skip_tracking":false,"_monsterinsights_sitenote_active":false,"_monsterinsights_sitenote_note":"","_monsterinsights_sitenote_category":0,"footnotes":""},"categories":[8],"tags":[],"class_list":["post-8994","post","type-post","status-publish","format-standard","has-post-thumbnail","hentry","category-guanajuato"],"_links":{"self":[{"href":"https:\/\/informebajio.com.mx\/index.php?rest_route=\/wp\/v2\/posts\/8994","targetHints":{"allow":["GET"]}}],"collection":[{"href":"https:\/\/informebajio.com.mx\/index.php?rest_route=\/wp\/v2\/posts"}],"about":[{"href":"https:\/\/informebajio.com.mx\/index.php?rest_route=\/wp\/v2\/types\/post"}],"author":[{"embeddable":true,"href":"https:\/\/informebajio.com.mx\/index.php?rest_route=\/wp\/v2\/users\/2"}],"replies":[{"embeddable":true,"href":"https:\/\/informebajio.com.mx\/index.php?rest_route=%2Fwp%2Fv2%2Fcomments&post=8994"}],"version-history":[{"count":0,"href":"https:\/\/informebajio.com.mx\/index.php?rest_route=\/wp\/v2\/posts\/8994\/revisions"}],"wp:featuredmedia":[{"embeddable":true,"href":"https:\/\/informebajio.com.mx\/index.php?rest_route=\/wp\/v2\/media\/8995"}],"wp:attachment":[{"href":"https:\/\/informebajio.com.mx\/index.php?rest_route=%2Fwp%2Fv2%2Fmedia&parent=8994"}],"wp:term":[{"taxonomy":"category","embeddable":true,"href":"https:\/\/informebajio.com.mx\/index.php?rest_route=%2Fwp%2Fv2%2Fcategories&post=8994"},{"taxonomy":"post_tag","embeddable":true,"href":"https:\/\/informebajio.com.mx\/index.php?rest_route=%2Fwp%2Fv2%2Ftags&post=8994"}],"curies":[{"name":"wp","href":"https:\/\/api.w.org\/{rel}","templated":true}]}}