{"id":8996,"date":"2023-05-02T12:07:33","date_gmt":"2023-05-02T17:07:33","guid":{"rendered":"https:\/\/informebajio.com.mx\/?p=8996"},"modified":"2023-05-02T12:07:33","modified_gmt":"2023-05-02T17:07:33","slug":"en-riesgo-cumplimiento-del-programa-general-de-obras","status":"publish","type":"post","link":"https:\/\/informebajio.com.mx\/?p=8996","title":{"rendered":"En riesgo cumplimiento del Programa General de Obras"},"content":{"rendered":"<div id=\"content-body-5851641-9988825\">\n<p><b>CELAYA, Gto. (OEM-Informex).-<\/b> El presidente del <b>Colegio de Arquitectos, Omar Arturo Mart\u00ednez Herrera, <\/b>inform\u00f3 que el <b>Programa General de Obras va atrasado,<\/b> acord\u00e9 a lo que hab\u00edan mencionado las autoridades que estar\u00eda en febrero, se corre es el riesgo de que las obras no se realicen antes que concluya el <b>periodo fiscal,<\/b> y entorpezca la ejecuci\u00f3n por <b>temporada de lluvias.<\/b><\/p>\n<p><b><a href=\"http:\/\/oem.pressreader.com\/el-sol-de-bajio\" target=\"_self\" rel=\"Follow noopener\">\u27a1\ufe0fSuscr\u00edbete a nuestra edici\u00f3n digital<\/a><\/b><\/p>\n<p><b>Mart\u00ednez Herrera<\/b> inform\u00f3 que se solicit\u00f3 una reuni\u00f3n con el alcalde <b>Javier Mendoza M\u00e1rquez,<\/b> a fin de que presenten el <b>Programa General de Obra,<\/b> y se\u00f1al\u00f3 que en febrero se iba a dar la presentaci\u00f3n, pero espera que en <b>mayo ya est\u00e9 listo y aprobado el PGO.<\/b><\/p>\n<p><b><br \/><\/b><\/p>\n<p><b>\u201cHay que ver c\u00f3mo se va a reactivar la econom\u00eda local que es muy importante. Es un a\u00f1o muy importante para Celaya, y siempre es importante iniciar el PGO lo m\u00e1s pronto posible. Se entiende que el retraso se pueda dar en el primer a\u00f1o de gobierno, y el segundo a\u00f1o es para darle la continuidad, porque mientras m\u00e1s se reactive la econom\u00eda con estas obras, ser\u00e1 mejor para todos\u201d,<\/b> se\u00f1al\u00f3.<\/p>\n<p><b>Te puede interesar: <a href=\"https:\/\/www.elsoldelbajio.com.mx\/local\/inicia-gestion-nuevo-director-de-policia-municipal-9988157.html\" target=\"_blank\" rel=\"Follow noopener\">Inicia gesti\u00f3n nuevo director de Polic\u00eda Municipal<\/a><\/b><\/p>\n<p>Ahond\u00f3 que el beneficio es para todos, desde el que vende materiales, los profesionistas, el trabajador, residentes, supervisores, y por ello es necesario que se tenga pronto el <b>PGO.<\/b><\/p>\n<p><b>\u201cAsegur\u00f3 que de un trienio, el segundo a\u00f1o es el que reactiva la econom\u00eda, porque para el pr\u00f3ximo a\u00f1o ser\u00e1 electoral y por las reglas no se puede hacer proselitismo. Esperamos un buen a\u00f1o de inversiones en Celaya, tanto en obra p\u00fablica como privada\u201d,<\/b> precis\u00f3.<\/p>\n<p>Se\u00f1al\u00f3 que la urgencia a que est\u00e9 listo el <b>PGO,<\/b> es tambi\u00e9n por los <b>tiempos de ejecuci\u00f3n,<\/b> en donde tambi\u00e9n implica los tiempos que tiene el gobierno para <b>aplicar los recursos y comprobar gastos.<\/b><\/p>\n<p>Explic\u00f3 que en la reuni\u00f3n con el alcalde, adem\u00e1s de conocer el <b>PGO,<\/b> tambi\u00e9n se ofrecer\u00e1 el trabajo del <b>Colegio de Arquitectos<\/b> al municipio, ya que cuenta con especialistas de alto nivel profesional, conoce la localidad, materiales, proveedur\u00eda, conocen los reglamentos, d\u00f3nde se tiran los escombros.<\/p>\n<p>El gremio del <b>Colegio de Arquitectos<\/b> conoce el manual de buenas pr\u00e1cticas, los reglamentos de medio ambiente, que hay una paleta vegetal.<\/p>\n<p><b>\u201cLas empresas de Celaya tienen capacidad y son competitivas con otras empresas del pa\u00eds, y hay empresas grandes que tambi\u00e9n tienen un alto nivel\u201d,<\/b> concluy\u00f3.<\/p>\n<\/div>\n<p><script>(function(d, s, id) {\nvar js, fjs = d.getElementsByTagName(s)[0];\nif (d.getElementById(id)) return;\njs = d.createElement(s); js.id = id;\njs.src = 'https:\/\/connect.facebook.net\/es_LA\/sdk.js#xfbml=1&version=v3.2&appId=899106460676237&autoLogAppEvents=1';\nfjs.parentNode.insertBefore(js, fjs);\n}(document, 'script', 'facebook-jssdk'));\n<\/script><\/p>\n","protected":false},"excerpt":{"rendered":"<p>CELAYA, Gto. (OEM-Informex).- El presidente del Colegio de Arquitectos, Omar Arturo Mart\u00ednez Herrera, inform\u00f3 que el Programa General de Obras va atrasado, acord\u00e9 a lo que hab\u00edan mencionado las autoridades que estar\u00eda en febrero, se corre es el riesgo de que las obras no se realicen antes que concluya el periodo fiscal, y entorpezca la [&hellip;]<\/p>\n","protected":false},"author":2,"featured_media":8997,"comment_status":"","ping_status":"","sticky":false,"template":"","format":"standard","meta":{"_monsterinsights_skip_tracking":false,"_monsterinsights_sitenote_active":false,"_monsterinsights_sitenote_note":"","_monsterinsights_sitenote_category":0,"footnotes":""},"categories":[8],"tags":[],"class_list":["post-8996","post","type-post","status-publish","format-standard","has-post-thumbnail","hentry","category-guanajuato"],"_links":{"self":[{"href":"https:\/\/informebajio.com.mx\/index.php?rest_route=\/wp\/v2\/posts\/8996","targetHints":{"allow":["GET"]}}],"collection":[{"href":"https:\/\/informebajio.com.mx\/index.php?rest_route=\/wp\/v2\/posts"}],"about":[{"href":"https:\/\/informebajio.com.mx\/index.php?rest_route=\/wp\/v2\/types\/post"}],"author":[{"embeddable":true,"href":"https:\/\/informebajio.com.mx\/index.php?rest_route=\/wp\/v2\/users\/2"}],"replies":[{"embeddable":true,"href":"https:\/\/informebajio.com.mx\/index.php?rest_route=%2Fwp%2Fv2%2Fcomments&post=8996"}],"version-history":[{"count":0,"href":"https:\/\/informebajio.com.mx\/index.php?rest_route=\/wp\/v2\/posts\/8996\/revisions"}],"wp:featuredmedia":[{"embeddable":true,"href":"https:\/\/informebajio.com.mx\/index.php?rest_route=\/wp\/v2\/media\/8997"}],"wp:attachment":[{"href":"https:\/\/informebajio.com.mx\/index.php?rest_route=%2Fwp%2Fv2%2Fmedia&parent=8996"}],"wp:term":[{"taxonomy":"category","embeddable":true,"href":"https:\/\/informebajio.com.mx\/index.php?rest_route=%2Fwp%2Fv2%2Fcategories&post=8996"},{"taxonomy":"post_tag","embeddable":true,"href":"https:\/\/informebajio.com.mx\/index.php?rest_route=%2Fwp%2Fv2%2Ftags&post=8996"}],"curies":[{"name":"wp","href":"https:\/\/api.w.org\/{rel}","templated":true}]}}