{"id":8998,"date":"2023-05-02T12:21:50","date_gmt":"2023-05-02T17:21:50","guid":{"rendered":"https:\/\/informebajio.com.mx\/?p=8998"},"modified":"2023-05-02T12:21:50","modified_gmt":"2023-05-02T17:21:50","slug":"regresan-a-clases-presenciales-19-planteles-de-educacion-basica","status":"publish","type":"post","link":"https:\/\/informebajio.com.mx\/?p=8998","title":{"rendered":"Regresan a clases presenciales 19 planteles de educaci\u00f3n b\u00e1sica"},"content":{"rendered":"<div>\n<p style=\"text-align: justify; text-justify: inter-ideograph; margin: 12.0pt 0cm 12.0pt 0cm;\"><span style=\"font-size: 14.0pt; font-family: 'Arial',sans-serif; color: black;\">Tina Hern\u00e1ndez<\/span><\/p>\n<p style=\"text-align: justify; text-justify: inter-ideograph; margin: 12.0pt 0cm 12.0pt 0cm;\"><span style=\"font-size: 14.0pt; font-family: 'Arial',sans-serif; color: black;\">Noticias<\/span><\/p>\n<p style=\"text-align: justify; text-justify: inter-ideograph; margin: 12.0pt 0cm 12.0pt 0cm;\"><span style=\"font-size: 14.0pt; font-family: 'Arial',sans-serif; color: black;\">Hoy se termina la virtualidad en 19 escuelas de educaci\u00f3n b\u00e1sica p\u00fablica que decidieron las clases a distancia por las obras de 05 de Febrero, hace poco m\u00e1s de un mes; se inform\u00f3 desde la Secretar\u00eda de Educaci\u00f3n del Estado de Quer\u00e9taro (SEDEQ).<\/span><\/p>\n<p><!-- Composite Start --><\/p>\n<p><!-- Composite End --><\/p>\n<p style=\"text-align: justify; text-justify: inter-ideograph; margin: 12.0pt 0cm 12.0pt 0cm;\"><span style=\"font-size: 14.0pt; font-family: 'Arial',sans-serif; color: black;\">La titular de la SESEQ, Martha Elena Soto Obreg\u00f3n, precis\u00f3 que en el caso de las escuelas privadas, la administraci\u00f3n junto con la comunidad escolar podr\u00e1 determinar si regresan a los salones o contin\u00faan con las clases a distancia.<\/span><\/p>\n<p style=\"text-align: justify; text-justify: inter-ideograph; margin: 12.0pt 0cm 12.0pt 0cm;\"><span style=\"font-size: 14.0pt; font-family: 'Arial',sans-serif; color: black;\">\u201cYa regresan a presencial, esto as\u00ed tiene que ser, acu\u00e9rdense que es una medida extraordinaria y como tal no tiene que durar m\u00e1s.<\/span><\/p>\n<p style=\"text-align: justify; text-justify: inter-ideograph; margin: 12.0pt 0cm 12.0pt 0cm;\"><span style=\"font-size: 14.0pt; font-family: 'Arial',sans-serif; color: black;\">Creo que una de las cosas que nos ha ense\u00f1ado est\u00e1 obra es que las decisiones se deben de estar actualizando de manera constante (\u2026) est\u00e1s determinaciones no son permanentes sino con base a lo que est\u00e1 sucediendo\u201d.<\/span><\/p>\n<p style=\"text-align: justify; text-justify: inter-ideograph; margin: 12.0pt 0cm 12.0pt 0cm;\"><span style=\"font-size: 14.0pt; font-family: 'Arial',sans-serif; color: black;\">El 21 de marzo, 49 escuelas de educaci\u00f3n b\u00e1sica, que se ubican en las inmediaciones de 5 de Febrero, se fueron a clases a distancia, por la reducci\u00f3n a un carril del tramo que va de avenida Tlacote a avenida Zaragoza, sin embargo el 17 de abril, 19 escuelas determinaron continuar en esta modalidad hasta el martes 02 de mayo.<\/span><\/p>\n<p style=\"text-align: justify; text-justify: inter-ideograph; margin: 12.0pt 0cm 12.0pt 0cm;\"><span style=\"font-size: 14.0pt; font-family: 'Arial',sans-serif; color: black;\">De acuerdo con la Secretar\u00eda de Desarrollo Urbano y Obras P\u00fablicas (SDUOP), este lunes 2 de mayo, se abre el tramo inferior que se ubica a la altura de avenida Zaragoza, mientras que se espera que la obra en su totalidad se concluya antes de finalizar este a\u00f1o.<\/span><\/p>\n<p style=\"text-align: justify; text-justify: inter-ideograph; margin: 12.0pt 0cm 12.0pt 0cm;\"><span style=\"font-size: 14.0pt; font-family: 'Arial',sans-serif; color: black;\">\u201cEst\u00e1n las escuelas p\u00fablicas que decidieron irse a la virtualidad, y est\u00e1n las escuelas privadas que siempre les hemos dicho que como ellos estimen, y el caso de la aut\u00f3noma, que ellos se maneja con sus catorce escuelas y facultades, entonces ellos tomar\u00e1n si decisi\u00f3n, y hasta donde yo s\u00e9 por est\u00e1s decisiones el Centro\u00a0 Universitario est\u00e1 yendo m\u00e1s o menos la mitad de las personas, esa ya es una decisi\u00f3n de ellos\u201d.<\/span><\/p>\n<\/div>\n<p><\/p>\n","protected":false},"excerpt":{"rendered":"<p>Tina Hern\u00e1ndez Noticias Hoy se termina la virtualidad en 19 escuelas de educaci\u00f3n b\u00e1sica p\u00fablica que decidieron las clases a distancia por las obras de 05 de Febrero, hace poco m\u00e1s de un mes; se inform\u00f3 desde la Secretar\u00eda de Educaci\u00f3n del Estado de Quer\u00e9taro (SEDEQ). La titular de la SESEQ, Martha Elena Soto Obreg\u00f3n, [&hellip;]<\/p>\n","protected":false},"author":2,"featured_media":8999,"comment_status":"","ping_status":"","sticky":false,"template":"","format":"standard","meta":{"_monsterinsights_skip_tracking":false,"_monsterinsights_sitenote_active":false,"_monsterinsights_sitenote_note":"","_monsterinsights_sitenote_category":0,"footnotes":""},"categories":[4],"tags":[],"class_list":["post-8998","post","type-post","status-publish","format-standard","has-post-thumbnail","hentry","category-queretaro"],"_links":{"self":[{"href":"https:\/\/informebajio.com.mx\/index.php?rest_route=\/wp\/v2\/posts\/8998","targetHints":{"allow":["GET"]}}],"collection":[{"href":"https:\/\/informebajio.com.mx\/index.php?rest_route=\/wp\/v2\/posts"}],"about":[{"href":"https:\/\/informebajio.com.mx\/index.php?rest_route=\/wp\/v2\/types\/post"}],"author":[{"embeddable":true,"href":"https:\/\/informebajio.com.mx\/index.php?rest_route=\/wp\/v2\/users\/2"}],"replies":[{"embeddable":true,"href":"https:\/\/informebajio.com.mx\/index.php?rest_route=%2Fwp%2Fv2%2Fcomments&post=8998"}],"version-history":[{"count":0,"href":"https:\/\/informebajio.com.mx\/index.php?rest_route=\/wp\/v2\/posts\/8998\/revisions"}],"wp:featuredmedia":[{"embeddable":true,"href":"https:\/\/informebajio.com.mx\/index.php?rest_route=\/wp\/v2\/media\/8999"}],"wp:attachment":[{"href":"https:\/\/informebajio.com.mx\/index.php?rest_route=%2Fwp%2Fv2%2Fmedia&parent=8998"}],"wp:term":[{"taxonomy":"category","embeddable":true,"href":"https:\/\/informebajio.com.mx\/index.php?rest_route=%2Fwp%2Fv2%2Fcategories&post=8998"},{"taxonomy":"post_tag","embeddable":true,"href":"https:\/\/informebajio.com.mx\/index.php?rest_route=%2Fwp%2Fv2%2Ftags&post=8998"}],"curies":[{"name":"wp","href":"https:\/\/api.w.org\/{rel}","templated":true}]}}