{"id":9014,"date":"2023-05-02T17:35:18","date_gmt":"2023-05-02T22:35:18","guid":{"rendered":"https:\/\/informebajio.com.mx\/?p=9014"},"modified":"2023-05-02T17:35:18","modified_gmt":"2023-05-02T22:35:18","slug":"atipico-desfile-del-dia-del-trabajo-en-celaya-galeria","status":"publish","type":"post","link":"https:\/\/informebajio.com.mx\/?p=9014","title":{"rendered":"At\u00edpico desfile del D\u00eda del Trabajo en Celaya [Galer\u00eda]"},"content":{"rendered":"<div id=\"content-body-5851641-9999960\">\n<p><b>CELAYA, Gto.- Este a\u00f1o en Celaya fue un desfile del 1 de mayo, D\u00eda del Trabajo, at\u00edpico donde solo particip\u00f3 el Sindicato de Telefonistas de la Rep\u00fablica Mexicana, ya que los trabajadores adheridos a la Confederaci\u00f3n de Trabajadores de M\u00e9xico (CTM) no participaron.<\/b><\/p>\n<p><b><a href=\"http:\/\/oem.pressreader.com\/el-sol-de-bajio\" target=\"_self\" rel=\"Follow noopener\">\u27a1\ufe0fSuscr\u00edbete a nuestra edici\u00f3n digital<\/a><\/b><\/p>\n<p>Los telefonistas comenzaron a reunirse desde las 8:30 de la ma\u00f1ana afuera del Parque Fundadores 450, para de ah\u00ed caminar sobre el boulevard Adolfo L\u00f3pez Mateos.<\/p>\n<p>El contingente de alrededor de 500 trabajadores de telefonistas, fue acompa\u00f1ado por la Banda de Guerra de Bomberos y Protecci\u00f3n Civil, y resguardados por elementos de Tr\u00e1nsito y Polic\u00eda Vial.<\/p>\n<p>Fue un desfile inusual, ya que no hubo gritos, cartulinas ni mantas con consignas ni demandas a los gobiernos federal, estatal y municipal como en a\u00f1os pasados.<\/p>\n<p>De la misma manera fue poca la gente la que se observ\u00f3 durante el recorrido del contingente que camin\u00f3 de manera pac\u00edfica.<\/p>\n<p>Los trabajadores caminaron hasta las instalaciones del sindicato, ubicadas en la calle Benito Ju\u00e1rez, donde terminaron su desfile e hicieron una peque\u00f1a convivencia.<\/p>\n<p>Por su parte, quienes integran la Confederaci\u00f3n de Trabajadores de M\u00e9xico (CTM), con anterioridad anunciaron que tendr\u00edan su reuni\u00f3n, de manera privada, en las instalaciones del sindicato. En tanto que, afuera del Hospital General de Celaya, se dej\u00f3 ver una lona en la que se le\u00eda \u201cEl personal del HGC trabajamos bajo protesta por el p\u00e9simo clima laboral que existe y NULA y DEFICIENTE actividad sindical de la delegada Mar\u00eda Elizabeth \u00c1vila Amaro, quien no tiene la capacidad para representar este hospital, uni\u00e9ndose a la autoridad para que juntos da\u00f1en nuestro derechos laborales\u201d.<\/p>\n<\/div>\n<p><script>(function(d, s, id) {\nvar js, fjs = d.getElementsByTagName(s)[0];\nif (d.getElementById(id)) return;\njs = d.createElement(s); js.id = id;\njs.src = 'https:\/\/connect.facebook.net\/es_LA\/sdk.js#xfbml=1&version=v3.2&appId=899106460676237&autoLogAppEvents=1';\nfjs.parentNode.insertBefore(js, fjs);\n}(document, 'script', 'facebook-jssdk'));\n<\/script><\/p>\n","protected":false},"excerpt":{"rendered":"<p>CELAYA, Gto.- Este a\u00f1o en Celaya fue un desfile del 1 de mayo, D\u00eda del Trabajo, at\u00edpico donde solo particip\u00f3 el Sindicato de Telefonistas de la Rep\u00fablica Mexicana, ya que los trabajadores adheridos a la Confederaci\u00f3n de Trabajadores de M\u00e9xico (CTM) no participaron. \u27a1\ufe0fSuscr\u00edbete a nuestra edici\u00f3n digital Los telefonistas comenzaron a reunirse desde las [&hellip;]<\/p>\n","protected":false},"author":2,"featured_media":9015,"comment_status":"","ping_status":"","sticky":false,"template":"","format":"standard","meta":{"_monsterinsights_skip_tracking":false,"_monsterinsights_sitenote_active":false,"_monsterinsights_sitenote_note":"","_monsterinsights_sitenote_category":0,"footnotes":""},"categories":[8],"tags":[],"class_list":["post-9014","post","type-post","status-publish","format-standard","has-post-thumbnail","hentry","category-guanajuato"],"_links":{"self":[{"href":"https:\/\/informebajio.com.mx\/index.php?rest_route=\/wp\/v2\/posts\/9014","targetHints":{"allow":["GET"]}}],"collection":[{"href":"https:\/\/informebajio.com.mx\/index.php?rest_route=\/wp\/v2\/posts"}],"about":[{"href":"https:\/\/informebajio.com.mx\/index.php?rest_route=\/wp\/v2\/types\/post"}],"author":[{"embeddable":true,"href":"https:\/\/informebajio.com.mx\/index.php?rest_route=\/wp\/v2\/users\/2"}],"replies":[{"embeddable":true,"href":"https:\/\/informebajio.com.mx\/index.php?rest_route=%2Fwp%2Fv2%2Fcomments&post=9014"}],"version-history":[{"count":0,"href":"https:\/\/informebajio.com.mx\/index.php?rest_route=\/wp\/v2\/posts\/9014\/revisions"}],"wp:featuredmedia":[{"embeddable":true,"href":"https:\/\/informebajio.com.mx\/index.php?rest_route=\/wp\/v2\/media\/9015"}],"wp:attachment":[{"href":"https:\/\/informebajio.com.mx\/index.php?rest_route=%2Fwp%2Fv2%2Fmedia&parent=9014"}],"wp:term":[{"taxonomy":"category","embeddable":true,"href":"https:\/\/informebajio.com.mx\/index.php?rest_route=%2Fwp%2Fv2%2Fcategories&post=9014"},{"taxonomy":"post_tag","embeddable":true,"href":"https:\/\/informebajio.com.mx\/index.php?rest_route=%2Fwp%2Fv2%2Ftags&post=9014"}],"curies":[{"name":"wp","href":"https:\/\/api.w.org\/{rel}","templated":true}]}}