{"id":9018,"date":"2023-05-02T17:35:24","date_gmt":"2023-05-02T22:35:24","guid":{"rendered":"https:\/\/informebajio.com.mx\/?p=9018"},"modified":"2023-05-02T17:35:24","modified_gmt":"2023-05-02T22:35:24","slug":"descarta-uaq-sumarse-a-paro-contra-ley-de-ciencia","status":"publish","type":"post","link":"https:\/\/informebajio.com.mx\/?p=9018","title":{"rendered":"Descarta UAQ sumarse a paro contra Ley de Ciencia"},"content":{"rendered":"<div>\n<h2>Propone Teresa Garc\u00eda jornada de reflexi\u00f3n sobre los alcances de la ley<\/h2>\n<p>Por Jahaira Lara<\/p>\n<p>Noticias<\/p>\n<p>\u00a0<\/p>\n<p><!-- Composite Start --><\/p>\n<p><!-- Composite End --><\/p>\n<p>Ante la convocatoria realizada por estudiantes, comunidad cient\u00edfica y acad\u00e9micos del pa\u00eds para sumarse al paro de actividades este 2 de mayo en protesta por la aprobaci\u00f3n de la Ley General de Humanidades, Ciencia, Tecnolog\u00eda e Innovaci\u00f3n; la Universidad Aut\u00f3noma de Quer\u00e9taro inform\u00f3 que no promover\u00e1 institucionalmente el paro, sin embargo, los sectores de la comunidad universitaria que tengan alguna propuesta al respecto contar\u00e1n con el apoyo necesario.<\/p>\n<p>La rectora de la M\u00e1xima Casa de Estudios, Teresa Garc\u00eda Gasca, consider\u00f3 que para realizar un paro la comunidad debe estar informada y en base a esto se tomen decisiones al respecto, de lo contrario se genera un problema mayor; adem\u00e1s de que dijo, m\u00e1s all\u00e1 de las acciones que se impulsen, como acad\u00e9micos no buscan promover una visi\u00f3n partidista o de oposici\u00f3n a la ley, sino de lo contrario se busca abrir nuevamente el di\u00e1logo en torno a este documento.<\/p>\n<p>Y es que reiter\u00f3 que la Ley aprobada sin la oposici\u00f3n y de forma irregular, es centralista, excluye la opini\u00f3n del sector acad\u00e9mico encargad de llevar a cabo los procesos de ciencia, tecnolog\u00eda y generaci\u00f3n del conocimiento; se elimina la meta del uno por ciento del Producto Interno Bruto para ciencia y tecnolog\u00eda, lo que deja en el limbo a universidades y centros de investigaci\u00f3n; se discrimina puntualmente a universidades particulares y se excluye a sus investigadores del Sistema Nacional de Investigadores, entre otros.<\/p>\n<p>\u201cHay una convocatoria a nivel nacional para realizar un paro, pero a mi me parece que para realizar un paro la comunidad debe estar bien informad, si no se genera un problema; debe ser una decisi\u00f3n informada (\u2026) Queremos una nueva ley, pero esta ley tiene una gran cantidad de problemas que ponen en riesgo a la ciencia y a la tecnolog\u00eda en nuestro pa\u00eds, lo m\u00e1s importante es que estemos informados para tomar decisiones\u201d.\u00a0<\/p>\n<p>En este sentido, a trav\u00e9s de un comunicado emitido a trav\u00e9s de redes sociales, la instituci\u00f3n propuso para este martes 2 de mayo una jornada de reflexi\u00f3n e informaci\u00f3n sobre los alcances de la Ley General a trav\u00e9s de investigadores y docentes, desde las aulas y laboratorios donde a diario se desarrollan los proyectos cient\u00edficos.<\/p>\n<p>Asimismo, se reiter\u00f3 la solicitud de di\u00e1logo con las autoridades correspondientes, pues se consideran puntos en la normativa que deben tomarse en cuenta e irregularidades procedimentales que deben subsanarse.<\/p>\n<\/div>\n<p><\/p>\n","protected":false},"excerpt":{"rendered":"<p>Propone Teresa Garc\u00eda jornada de reflexi\u00f3n sobre los alcances de la ley Por Jahaira Lara Noticias \u00a0 Ante la convocatoria realizada por estudiantes, comunidad cient\u00edfica y acad\u00e9micos del pa\u00eds para sumarse al paro de actividades este 2 de mayo en protesta por la aprobaci\u00f3n de la Ley General de Humanidades, Ciencia, Tecnolog\u00eda e Innovaci\u00f3n; la [&hellip;]<\/p>\n","protected":false},"author":2,"featured_media":9019,"comment_status":"","ping_status":"","sticky":false,"template":"","format":"standard","meta":{"_monsterinsights_skip_tracking":false,"_monsterinsights_sitenote_active":false,"_monsterinsights_sitenote_note":"","_monsterinsights_sitenote_category":0,"footnotes":""},"categories":[4],"tags":[],"class_list":["post-9018","post","type-post","status-publish","format-standard","has-post-thumbnail","hentry","category-queretaro"],"_links":{"self":[{"href":"https:\/\/informebajio.com.mx\/index.php?rest_route=\/wp\/v2\/posts\/9018","targetHints":{"allow":["GET"]}}],"collection":[{"href":"https:\/\/informebajio.com.mx\/index.php?rest_route=\/wp\/v2\/posts"}],"about":[{"href":"https:\/\/informebajio.com.mx\/index.php?rest_route=\/wp\/v2\/types\/post"}],"author":[{"embeddable":true,"href":"https:\/\/informebajio.com.mx\/index.php?rest_route=\/wp\/v2\/users\/2"}],"replies":[{"embeddable":true,"href":"https:\/\/informebajio.com.mx\/index.php?rest_route=%2Fwp%2Fv2%2Fcomments&post=9018"}],"version-history":[{"count":0,"href":"https:\/\/informebajio.com.mx\/index.php?rest_route=\/wp\/v2\/posts\/9018\/revisions"}],"wp:featuredmedia":[{"embeddable":true,"href":"https:\/\/informebajio.com.mx\/index.php?rest_route=\/wp\/v2\/media\/9019"}],"wp:attachment":[{"href":"https:\/\/informebajio.com.mx\/index.php?rest_route=%2Fwp%2Fv2%2Fmedia&parent=9018"}],"wp:term":[{"taxonomy":"category","embeddable":true,"href":"https:\/\/informebajio.com.mx\/index.php?rest_route=%2Fwp%2Fv2%2Fcategories&post=9018"},{"taxonomy":"post_tag","embeddable":true,"href":"https:\/\/informebajio.com.mx\/index.php?rest_route=%2Fwp%2Fv2%2Ftags&post=9018"}],"curies":[{"name":"wp","href":"https:\/\/api.w.org\/{rel}","templated":true}]}}