{"id":9020,"date":"2023-05-02T19:52:43","date_gmt":"2023-05-03T00:52:43","guid":{"rendered":"https:\/\/informebajio.com.mx\/?p=9020"},"modified":"2023-05-02T19:52:43","modified_gmt":"2023-05-03T00:52:43","slug":"celebran-el-302-aniversario-de-la-fundacion-de-villagran","status":"publish","type":"post","link":"https:\/\/informebajio.com.mx\/?p=9020","title":{"rendered":"Celebran el 302 aniversario de la fundaci\u00f3n de Villagr\u00e1n"},"content":{"rendered":"<div id=\"content-body-5851641-9999844\">\n<p>VILLAGR\u00c1N, Gto.- (OEM-Informex).- Con motivo de los 302 a\u00f1os de la fundaci\u00f3n de Villagr\u00e1n, el gobierno municipal organiz\u00f3 una serie de eventos conmemorativos que se realizar\u00e1n el pr\u00f3ximo d\u00eda 4 de mayo.<\/p>\n<p>En el a\u00f1o 1721 se realiz\u00f3 el trazo de la ciudad, originalmente conocida como El Aguaje, la misma semana que se fundaron Santa Cruz de Comontuoso, hoy Juventino Rosas, y San Jos\u00e9 de los Amoles, hoy Cortazar, y El Rinc\u00f3n, actualmente Rinc\u00f3n de Tamayo.<\/p>\n<p>El d\u00eda 4 de mayo a las 8:30 de la ma\u00f1ana se realizar\u00e1 el acto c\u00edvico para conmemorar los 302 a\u00f1os el trazo de la ciudad, en el jard\u00edn principal.<\/p>\n<p>A las 9:00 de la ma\u00f1ana se realizar\u00e1 un desfile c\u00edvico-militar por las principales calles de la ciudad.<\/p>\n<p>A las 6:00 de la tarde se realizar\u00e1 la entrega de reconocimientos a villagranenses destacados, por el ayuntamiento que encabeza el presidente municipal Juan Lara Mendoza.<\/p>\n<p>Las 8:00 de la noche se realizar\u00e1 la presentaci\u00f3n estelar de la cantante de m\u00fasica ranchera A\u00edda Cuevas.<\/p>\n<h4><a href=\"https:\/\/www.elsoldelbajio.com.mx\/local\/retoma-la-ctm-el-dia-del-trabajo-con-tradicional-desfile-en-villagran-9997809.html\">Retoma la CTM el D\u00eda del Trabajo con tradicional desfile en Villagr\u00e1n<\/a><\/h4>\n<\/div>\n<p><script>(function(d, s, id) {\nvar js, fjs = d.getElementsByTagName(s)[0];\nif (d.getElementById(id)) return;\njs = d.createElement(s); js.id = id;\njs.src = 'https:\/\/connect.facebook.net\/es_LA\/sdk.js#xfbml=1&version=v3.2&appId=899106460676237&autoLogAppEvents=1';\nfjs.parentNode.insertBefore(js, fjs);\n}(document, 'script', 'facebook-jssdk'));\n<\/script><\/p>\n","protected":false},"excerpt":{"rendered":"<p>VILLAGR\u00c1N, Gto.- (OEM-Informex).- Con motivo de los 302 a\u00f1os de la fundaci\u00f3n de Villagr\u00e1n, el gobierno municipal organiz\u00f3 una serie de eventos conmemorativos que se realizar\u00e1n el pr\u00f3ximo d\u00eda 4 de mayo. En el a\u00f1o 1721 se realiz\u00f3 el trazo de la ciudad, originalmente conocida como El Aguaje, la misma semana que se fundaron Santa [&hellip;]<\/p>\n","protected":false},"author":2,"featured_media":9021,"comment_status":"","ping_status":"","sticky":false,"template":"","format":"standard","meta":{"_monsterinsights_skip_tracking":false,"_monsterinsights_sitenote_active":false,"_monsterinsights_sitenote_note":"","_monsterinsights_sitenote_category":0,"footnotes":""},"categories":[8],"tags":[],"class_list":["post-9020","post","type-post","status-publish","format-standard","has-post-thumbnail","hentry","category-guanajuato"],"_links":{"self":[{"href":"https:\/\/informebajio.com.mx\/index.php?rest_route=\/wp\/v2\/posts\/9020","targetHints":{"allow":["GET"]}}],"collection":[{"href":"https:\/\/informebajio.com.mx\/index.php?rest_route=\/wp\/v2\/posts"}],"about":[{"href":"https:\/\/informebajio.com.mx\/index.php?rest_route=\/wp\/v2\/types\/post"}],"author":[{"embeddable":true,"href":"https:\/\/informebajio.com.mx\/index.php?rest_route=\/wp\/v2\/users\/2"}],"replies":[{"embeddable":true,"href":"https:\/\/informebajio.com.mx\/index.php?rest_route=%2Fwp%2Fv2%2Fcomments&post=9020"}],"version-history":[{"count":0,"href":"https:\/\/informebajio.com.mx\/index.php?rest_route=\/wp\/v2\/posts\/9020\/revisions"}],"wp:featuredmedia":[{"embeddable":true,"href":"https:\/\/informebajio.com.mx\/index.php?rest_route=\/wp\/v2\/media\/9021"}],"wp:attachment":[{"href":"https:\/\/informebajio.com.mx\/index.php?rest_route=%2Fwp%2Fv2%2Fmedia&parent=9020"}],"wp:term":[{"taxonomy":"category","embeddable":true,"href":"https:\/\/informebajio.com.mx\/index.php?rest_route=%2Fwp%2Fv2%2Fcategories&post=9020"},{"taxonomy":"post_tag","embeddable":true,"href":"https:\/\/informebajio.com.mx\/index.php?rest_route=%2Fwp%2Fv2%2Ftags&post=9020"}],"curies":[{"name":"wp","href":"https:\/\/api.w.org\/{rel}","templated":true}]}}