{"id":9024,"date":"2023-05-02T21:55:38","date_gmt":"2023-05-03T02:55:38","guid":{"rendered":"https:\/\/informebajio.com.mx\/?p=9024"},"modified":"2023-05-02T21:55:38","modified_gmt":"2023-05-03T02:55:38","slug":"celebran-a-ninos-de-comerciantes","status":"publish","type":"post","link":"https:\/\/informebajio.com.mx\/?p=9024","title":{"rendered":"Celebran a ni\u00f1os de comerciantes"},"content":{"rendered":"<div id=\"content-body-5851641-9988221\">\n<p>Con el objetivo de llevar alegr\u00eda y con ello <b><a href=\"https:\/\/www.elsoldesanjuandelrio.com.mx\/circulos\/organizan-albercada-para-los-ninos-9953642.html\" target=\"_self\" rel=\"Follow noopener\">celebrar &#8220;D\u00eda del Ni\u00f1o&#8221;<\/a>,<\/b> se llev\u00f3 a cabo la reuni\u00f3n de los hijos de los comerciantes de la <b>Federaci\u00f3n de Uniones de Comerciantes en Peque\u00f1o del Estado de Quer\u00e9taro (FUC)<\/b> en el municipio de San Juan del R\u00edo evento encabezado por la l\u00edder, <b>Carmen Aguilar Arroyo.<\/b><\/p>\n<p>Dentro de esta conmemoraci\u00f3n la l\u00edder inform\u00f3 que, a pesar de tener \u00e9pocas dif\u00edciles en el comercio local, tiene la convicci\u00f3n de generar m\u00e1s v\u00ednculos entre las vendedoras de antojitos mexicanos artesan\u00edas elotes y una gran cantidad de productos y<b> alimentos que generan la movilidad econ\u00f3mica en esta demarcaci\u00f3n.<\/b><\/p>\n<p>Reconoci\u00f3 el trabajo conjunto que tienen con el gobierno del<b> Estado de Quer\u00e9taro<\/b> y a su vez con el municipio de San Juan del R\u00edo, ya que, para llevar a cabo este acto tuvieron la colaboraci\u00f3n del mandatario <b>Mauricio Kuri Gonz\u00e1lez y Roberto Cabrera Valencia,<\/b> quienes dijo, son aliados de los comerciantes en peque\u00f1o.<\/p>\n<p><i>&#8221; A trav\u00e9s de nuestra l\u00edder Teresa paredes que nos ayuda en San Juan del R\u00edo, seguimos tejiendo lazos con el municipio y el gobierno estatal les queremos decir que, estamos infinitamente agradecidos por apoyarnos en este evento para los hijos y nietos de nuestros comerciantes. Ustedes nos dan una gran muestra de calidez para seguir apoyando a quienes diarios salen a trabajar de sol a sol&#8221;.<\/i><\/p>\n<p>Sostuvo que es la primera vez que un evento se hace en grande puesto que en esta ocasi\u00f3n lograron reunir a m\u00e1s de 200 ni\u00f1os que necesitaron de un juguete, bolsas de dulces y antojitos mexicanos adem\u00e1s de un espect\u00e1culo de rifas y concursos, todo esto al contar con la colaboraci\u00f3n de las agremiadas a la <b>Federaci\u00f3n.<\/b><\/p>\n<p><i>&#8220;Realmente por nuestros hijos es por quienes trabajamos y esta es una muestra de todo lo que podemos hacer para que est\u00e9n felices, creo que es la primera vez que vemos tantos ni\u00f1os reunidos y que nos llenan con su alegr\u00eda y calidez tenemos mucho que aprender de ustedes para hacer frente a las adversidades&#8221;, sostuvo Aguilar Arroyo.<\/i><\/p>\n<p><b id=\"docs-internal-guid-b0677392-7fff-68df-21aa-61224e5bc3c4\"><b>\u27a1\ufe0f <\/b><a href=\"https:\/\/oem.us16.list-manage.com\/subscribe?u=c04a811ee61dc85305bf7133b&amp;id=f1b85ee5bb\"><b><u>Suscr\u00edbete a nuestro Newsletter y recibe las notas m\u00e1s relevantes en tu correo<\/u><\/b><\/a><\/b><\/p>\n<p><b>ACUERDOS<\/b><\/p>\n<p>En otro orden de ideas, la secretaria general de la <b>FUC <\/b>manifest\u00f3 que, en breve estar\u00e1n sosteniendo mesas de trabajo con el gobierno municipal de<b> San Juan del R\u00edo<\/b> para revisar la situaci\u00f3n de las comerciantes de la zona centro especialmente las de antojitos mexicanos, raz\u00f3n por la que reconoci\u00f3 la voluntad de las autoridades actuales para abrir espacios para este sector.<\/p>\n<\/div>\n<p><script>(function(d, s, id) {\nvar js, fjs = d.getElementsByTagName(s)[0];\nif (d.getElementById(id)) return;\njs = d.createElement(s); js.id = id;\njs.src = 'https:\/\/connect.facebook.net\/es_LA\/sdk.js#xfbml=1&version=v3.2&appId=232029482016746&autoLogAppEvents=1';\nfjs.parentNode.insertBefore(js, fjs);\n}(document, 'script', 'facebook-jssdk'));\n<\/script><\/p>\n","protected":false},"excerpt":{"rendered":"<p>Con el objetivo de llevar alegr\u00eda y con ello celebrar &#8220;D\u00eda del Ni\u00f1o&#8221;, se llev\u00f3 a cabo la reuni\u00f3n de los hijos de los comerciantes de la Federaci\u00f3n de Uniones de Comerciantes en Peque\u00f1o del Estado de Quer\u00e9taro (FUC) en el municipio de San Juan del R\u00edo evento encabezado por la l\u00edder, Carmen Aguilar Arroyo. [&hellip;]<\/p>\n","protected":false},"author":2,"featured_media":9025,"comment_status":"","ping_status":"","sticky":false,"template":"","format":"standard","meta":{"_monsterinsights_skip_tracking":false,"_monsterinsights_sitenote_active":false,"_monsterinsights_sitenote_note":"","_monsterinsights_sitenote_category":0,"footnotes":""},"categories":[6],"tags":[],"class_list":["post-9024","post","type-post","status-publish","format-standard","has-post-thumbnail","hentry","category-san-juan-del-rio"],"_links":{"self":[{"href":"https:\/\/informebajio.com.mx\/index.php?rest_route=\/wp\/v2\/posts\/9024","targetHints":{"allow":["GET"]}}],"collection":[{"href":"https:\/\/informebajio.com.mx\/index.php?rest_route=\/wp\/v2\/posts"}],"about":[{"href":"https:\/\/informebajio.com.mx\/index.php?rest_route=\/wp\/v2\/types\/post"}],"author":[{"embeddable":true,"href":"https:\/\/informebajio.com.mx\/index.php?rest_route=\/wp\/v2\/users\/2"}],"replies":[{"embeddable":true,"href":"https:\/\/informebajio.com.mx\/index.php?rest_route=%2Fwp%2Fv2%2Fcomments&post=9024"}],"version-history":[{"count":0,"href":"https:\/\/informebajio.com.mx\/index.php?rest_route=\/wp\/v2\/posts\/9024\/revisions"}],"wp:featuredmedia":[{"embeddable":true,"href":"https:\/\/informebajio.com.mx\/index.php?rest_route=\/wp\/v2\/media\/9025"}],"wp:attachment":[{"href":"https:\/\/informebajio.com.mx\/index.php?rest_route=%2Fwp%2Fv2%2Fmedia&parent=9024"}],"wp:term":[{"taxonomy":"category","embeddable":true,"href":"https:\/\/informebajio.com.mx\/index.php?rest_route=%2Fwp%2Fv2%2Fcategories&post=9024"},{"taxonomy":"post_tag","embeddable":true,"href":"https:\/\/informebajio.com.mx\/index.php?rest_route=%2Fwp%2Fv2%2Ftags&post=9024"}],"curies":[{"name":"wp","href":"https:\/\/api.w.org\/{rel}","templated":true}]}}