{"id":9040,"date":"2023-05-03T04:39:57","date_gmt":"2023-05-03T09:39:57","guid":{"rendered":"https:\/\/informebajio.com.mx\/?p=9040"},"modified":"2023-05-03T04:39:57","modified_gmt":"2023-05-03T09:39:57","slug":"ante-miles-arranco-feria-de-amealco","status":"publish","type":"post","link":"https:\/\/informebajio.com.mx\/?p=9040","title":{"rendered":"Ante miles arranc\u00f3 feria de Amealco"},"content":{"rendered":"<div id=\"content-body-5851641-9991562\">\n<p>Con la presencia de miles de personas <b>arranc\u00f3 la <a href=\"https:\/\/www.elsoldesanjuandelrio.com.mx\/circulos\/anuncian-feria-amealco-2023-9816749.html\" target=\"_self\" rel=\"Follow noopener\">feria de Amealco de Bonfi<\/a>l<\/b>, luego de la <b>coronaci\u00f3n de Lupita l,<\/b> quien es la soberana que estar\u00e1 representando a lo largo de este a\u00f1o a la belleza amealcense y a las mujeres de trabajo, posterior a este acto fue la presentaci\u00f3n musical de <b>la cantante Gloria Trevi en el Centro de Feria<\/b>.<\/p>\n<p>Fue minutos despu\u00e9s de las 9 de la noche, cuando el presidente municipal <b>Ren\u00e9 Mej\u00eda Montoya <\/b>acompa\u00f1ado de su esposa <b>Anel L\u00f3pez Ruiz<\/b> se dieron cita en el centro del <b>Pueblo M\u00e1gico<\/b> para coronar a Lupita, y despedir a su antecesora agradeciendo el papel que desarroll\u00f3 a lo largo de los \u00faltimos meses.<\/p>\n<p>Como parte del mensaje del alcalde, <b>llamo a los habitantes de esta demarcaci\u00f3n a tener y procurar una feria segura y en armon\u00eda,<\/b> tomando en cuenta a la tradici\u00f3n que engloba a estos festejos, en los que se tendr\u00e1 un espacio para la ganader\u00eda y la gastronom\u00eda.<\/p>\n<p>En este sentido, dijo que se debe tratar bien a los turistas para que, posteriormente regresen y report\u00f3 la cartelera art\u00edstica que tendr\u00e1n a lo largo de la siguiente semana con la presentaci\u00f3n de los Buitres de Sinaloa, Sonido Pirata, Lalo Mora, <b>la Arrolladora Banda el Lim\u00f3n,<\/b> Liran Roll, Vag\u00f3n Chicano, Sonido la Changa, <b>el Komander, entre otros m\u00e1s.<\/b><\/p>\n<p><i>\u201cCon esta coronaci\u00f3n a nuestra reina digna representante de las mujeres de nuestra tierra queremos arrancar dici\u00e9ndoles que, esta es nuestra feria, que tenemos muchos eventos gratis para ustedes en los lugares deportivos, aqu\u00ed en el centro y en el recinto ferial, disfr\u00fatenlos ahora que nos permite la pandemia reunirnos. El llamado es para tener una feria en paz y segura, s\u00e9 que contamos con ustedes\u201d. <\/i><\/p>\n<p><i><br \/><\/i><\/p>\n<p>Luego de la inauguraci\u00f3n formal, la encargada de abrir el escenario del recinto ferial fue la cantante Gloria Trevi quien con su talento encendi\u00f3 el \u00e1nimo de los presentes al interpretar sus canciones m\u00e1s emblem\u00e1ticas ante miles de personas, quienes corearon a lo largo de casi dos horas de concierto.<\/p>\n<p><b>\u27a1\ufe0f <\/b><a href=\"https:\/\/oem.us16.list-manage.com\/subscribe?u=c04a811ee61dc85305bf7133b&amp;id=f1b85ee5bb\"><b>Suscr\u00edbete a nuestro Newsletter y recibe las notas m\u00e1s relevantes en tu correo<\/b><\/a><b\/><\/p>\n<p>Durante su presentaci\u00f3n las canciones m\u00e1s coreadas fueron la de \u201c5 minutos\u201d, \u201cel favor de la soledad\u201d, \u201ctodos me miran\u201d, \u201c\u00e1branse perras\u201d, \u201cesa hembra es mala\u201d y \u201crosa blue\u201d.<\/p>\n<\/div>\n<p><script>(function(d, s, id) {\nvar js, fjs = d.getElementsByTagName(s)[0];\nif (d.getElementById(id)) return;\njs = d.createElement(s); js.id = id;\njs.src = 'https:\/\/connect.facebook.net\/es_LA\/sdk.js#xfbml=1&version=v3.2&appId=232029482016746&autoLogAppEvents=1';\nfjs.parentNode.insertBefore(js, fjs);\n}(document, 'script', 'facebook-jssdk'));\n<\/script><\/p>\n","protected":false},"excerpt":{"rendered":"<p>Con la presencia de miles de personas arranc\u00f3 la feria de Amealco de Bonfil, luego de la coronaci\u00f3n de Lupita l, quien es la soberana que estar\u00e1 representando a lo largo de este a\u00f1o a la belleza amealcense y a las mujeres de trabajo, posterior a este acto fue la presentaci\u00f3n musical de la cantante [&hellip;]<\/p>\n","protected":false},"author":2,"featured_media":9041,"comment_status":"","ping_status":"","sticky":false,"template":"","format":"standard","meta":{"_monsterinsights_skip_tracking":false,"_monsterinsights_sitenote_active":false,"_monsterinsights_sitenote_note":"","_monsterinsights_sitenote_category":0,"footnotes":""},"categories":[6],"tags":[],"class_list":["post-9040","post","type-post","status-publish","format-standard","has-post-thumbnail","hentry","category-san-juan-del-rio"],"_links":{"self":[{"href":"https:\/\/informebajio.com.mx\/index.php?rest_route=\/wp\/v2\/posts\/9040","targetHints":{"allow":["GET"]}}],"collection":[{"href":"https:\/\/informebajio.com.mx\/index.php?rest_route=\/wp\/v2\/posts"}],"about":[{"href":"https:\/\/informebajio.com.mx\/index.php?rest_route=\/wp\/v2\/types\/post"}],"author":[{"embeddable":true,"href":"https:\/\/informebajio.com.mx\/index.php?rest_route=\/wp\/v2\/users\/2"}],"replies":[{"embeddable":true,"href":"https:\/\/informebajio.com.mx\/index.php?rest_route=%2Fwp%2Fv2%2Fcomments&post=9040"}],"version-history":[{"count":0,"href":"https:\/\/informebajio.com.mx\/index.php?rest_route=\/wp\/v2\/posts\/9040\/revisions"}],"wp:featuredmedia":[{"embeddable":true,"href":"https:\/\/informebajio.com.mx\/index.php?rest_route=\/wp\/v2\/media\/9041"}],"wp:attachment":[{"href":"https:\/\/informebajio.com.mx\/index.php?rest_route=%2Fwp%2Fv2%2Fmedia&parent=9040"}],"wp:term":[{"taxonomy":"category","embeddable":true,"href":"https:\/\/informebajio.com.mx\/index.php?rest_route=%2Fwp%2Fv2%2Fcategories&post=9040"},{"taxonomy":"post_tag","embeddable":true,"href":"https:\/\/informebajio.com.mx\/index.php?rest_route=%2Fwp%2Fv2%2Ftags&post=9040"}],"curies":[{"name":"wp","href":"https:\/\/api.w.org\/{rel}","templated":true}]}}