{"id":9044,"date":"2023-05-03T04:40:09","date_gmt":"2023-05-03T09:40:09","guid":{"rendered":"https:\/\/informebajio.com.mx\/?p=9044"},"modified":"2023-05-03T04:40:09","modified_gmt":"2023-05-03T09:40:09","slug":"amlo-asegura-que-mexicana-de-aviacion-volvera-este-2023","status":"publish","type":"post","link":"https:\/\/informebajio.com.mx\/?p=9044","title":{"rendered":"AMLO asegura que Mexicana de Aviaci\u00f3n volver\u00e1 este 2023"},"content":{"rendered":"<div>\n<p><strong>Obrador detall\u00f3 que su gobierno est\u00e1 pr\u00f3ximo a adquirir de manera definitiva la marca<\/strong><\/p>\n<p>El presidente Andr\u00e9s Manuel L\u00f3pez Obrador, asegur\u00f3 que su gobierno se encuentra pr\u00f3ximo a adquirir la marca Mexicana de Aviaci\u00f3n de manera definitiva, por lo que se encuentran en comunicaci\u00f3n con la empresa Boeing para la adquisici\u00f3n de aeronaves y relazar esta aerol\u00ednea.<\/p>\n<p>\u201cYa se est\u00e1 por concluir el acuerdo para la adquisici\u00f3n de Mexicana de Aviaci\u00f3n, del emblema de Mexicana de Aviaci\u00f3n, ya se est\u00e1 hablando con la empresa Boeing, que a\u00fan cuando no es un acuerdo directo, ellos est\u00e1n ayud\u00e1ndonos, habl\u00e9 con el gerente general para que se aseguren los aviones\u201d, asegur\u00f3 en su conferencia matutina.<\/p>\n<p><!-- Composite Start --><\/p>\n<p><!-- Composite End --><\/p>\n<p>AMLO record\u00f3 que la aerol\u00ednea quebr\u00f3 en 2010 por la insuficiencia de recursos para cubrir los sueldos de los trabajadores.<\/p>\n<p>Adem\u00e1s, el mandatario indic\u00f3 que Mexicana ya tiene los permisos para que pueda volver a volar este mismo a\u00f1o desde el Aeropuerto Internacional Felipe \u00c1ngeles, hacia Estados Unidos, por lo que ya se encuentran trasladando aviones y l\u00edneas a\u00e9reas de cargas hacia el AIFA.<\/p>\n<p>Todo esto se da luego de que el Senado de la Rep\u00fablica aprobar\u00e1 una reforma de ley que permitir\u00e1 la creaci\u00f3n de una nueva aerol\u00ednea que se encontrar\u00e1 a cargo de del Ej\u00e9rcito mexicano.<\/p>\n<p>Por otra parte, el tabasque\u00f1o detall\u00f3 que su gobierno avanza \u201cmuy bien\u201d en cuanto a la recuperaci\u00f3n de la categor\u00eda 1 en seguridad a\u00e9rea.<\/p>\n<p>\u00a0<\/p>\n<\/div>\n<p><\/p>\n","protected":false},"excerpt":{"rendered":"<p>Obrador detall\u00f3 que su gobierno est\u00e1 pr\u00f3ximo a adquirir de manera definitiva la marca El presidente Andr\u00e9s Manuel L\u00f3pez Obrador, asegur\u00f3 que su gobierno se encuentra pr\u00f3ximo a adquirir la marca Mexicana de Aviaci\u00f3n de manera definitiva, por lo que se encuentran en comunicaci\u00f3n con la empresa Boeing para la adquisici\u00f3n de aeronaves y relazar [&hellip;]<\/p>\n","protected":false},"author":2,"featured_media":9045,"comment_status":"","ping_status":"","sticky":false,"template":"","format":"standard","meta":{"_monsterinsights_skip_tracking":false,"_monsterinsights_sitenote_active":false,"_monsterinsights_sitenote_note":"","_monsterinsights_sitenote_category":0,"footnotes":""},"categories":[4],"tags":[],"class_list":["post-9044","post","type-post","status-publish","format-standard","has-post-thumbnail","hentry","category-queretaro"],"_links":{"self":[{"href":"https:\/\/informebajio.com.mx\/index.php?rest_route=\/wp\/v2\/posts\/9044","targetHints":{"allow":["GET"]}}],"collection":[{"href":"https:\/\/informebajio.com.mx\/index.php?rest_route=\/wp\/v2\/posts"}],"about":[{"href":"https:\/\/informebajio.com.mx\/index.php?rest_route=\/wp\/v2\/types\/post"}],"author":[{"embeddable":true,"href":"https:\/\/informebajio.com.mx\/index.php?rest_route=\/wp\/v2\/users\/2"}],"replies":[{"embeddable":true,"href":"https:\/\/informebajio.com.mx\/index.php?rest_route=%2Fwp%2Fv2%2Fcomments&post=9044"}],"version-history":[{"count":0,"href":"https:\/\/informebajio.com.mx\/index.php?rest_route=\/wp\/v2\/posts\/9044\/revisions"}],"wp:featuredmedia":[{"embeddable":true,"href":"https:\/\/informebajio.com.mx\/index.php?rest_route=\/wp\/v2\/media\/9045"}],"wp:attachment":[{"href":"https:\/\/informebajio.com.mx\/index.php?rest_route=%2Fwp%2Fv2%2Fmedia&parent=9044"}],"wp:term":[{"taxonomy":"category","embeddable":true,"href":"https:\/\/informebajio.com.mx\/index.php?rest_route=%2Fwp%2Fv2%2Fcategories&post=9044"},{"taxonomy":"post_tag","embeddable":true,"href":"https:\/\/informebajio.com.mx\/index.php?rest_route=%2Fwp%2Fv2%2Ftags&post=9044"}],"curies":[{"name":"wp","href":"https:\/\/api.w.org\/{rel}","templated":true}]}}