{"id":9062,"date":"2023-05-03T10:50:47","date_gmt":"2023-05-03T15:50:47","guid":{"rendered":"https:\/\/informebajio.com.mx\/?p=9062"},"modified":"2023-05-03T10:50:47","modified_gmt":"2023-05-03T15:50:47","slug":"aletargan-reforma-para-premio-de-la-juventud","status":"publish","type":"post","link":"https:\/\/informebajio.com.mx\/?p=9062","title":{"rendered":"Aletargan reforma para Premio de la Juventud"},"content":{"rendered":"<div id=\"content-body-5851641-9993488\">\n<p>La iniciativa de reforma para incluir la categor\u00eda de <b>diversidad sexual en el <a rel=\"Follow noopener\" target=\"_self\" href=\"https:\/\/www.elsoldesanjuandelrio.com.mx\/local\/pendiente-incluir-la-diversidad-sexual-en-premio-estatal-de-la-juventud-9767595.html\">Premio Estatal de la Juventud<\/a><\/b> avanza de manera lenta en el Congreso Local, esto a comparaci\u00f3n de otros proyectos legislativos que se han presentado en la LX Legislatura de Quer\u00e9taro, <b>afirm\u00f3 el presidente de la asociaci\u00f3n LGBT+ Rights Quer\u00e9taro, Ibrahim Prado.<\/b><\/p>\n<p>Record\u00f3 que esta iniciativa busca reformar el <b>art\u00edculo 65 de la Ley para el Desarrollo<\/b> de los J\u00f3venes en el Estado de Quer\u00e9taro, a fin de incluir la categor\u00eda de<b> diversidad sexual en el Premio Estatal de la Juventud,<\/b> lo que permitir\u00e1 reconocer a j\u00f3venes que promueven y defienden los derechos de los integrantes de la comunidad LGBT+ en Quer\u00e9taro.<\/p>\n<p>Detall\u00f3 que si bien esta iniciativa no est\u00e1 en la congeladora, s\u00ed ha habido un avance lento para su discusi\u00f3n y posible aprobaci\u00f3n, toda vez que fue ingresada al Congreso Local el pasado 28 de junio de 2022 a trav\u00e9s de la diputada del partido Quer\u00e9taro Independiente,<b> Martha Daniela Salgado M\u00e1rquez. Asimismo, dijo que hace unas semanas fue turnada a la Comisi\u00f3n de Gobernaci\u00f3n, Administraci\u00f3n P\u00fablica y Asuntos Electorales para su revisi\u00f3n y an\u00e1lisis.<\/b><\/p>\n<p><i>\u201cOficialmente, podemos decir que no est\u00e1 como tal en la congeladora porque ya fue turnada a una comisi\u00f3n. Hace unas cuantas semanas, mediante unos oficios, se nos inform\u00f3 que ya fue turnada a la Comisi\u00f3n de Gobernaci\u00f3n (\u2026). Comparado con otras iniciativas, el avance es muy lento<\/i>\u201d, coment\u00f3.<\/p>\n<p>Refiri\u00f3 que a partir de que fue turnada a la<b> Comisi\u00f3n de Gobernaci\u00f3n, Administraci\u00f3n P\u00fablica y Asuntos Electorales del Congreso Local <\/b>se han intentado establecer di\u00e1logos con los diputados que integran esta comisi\u00f3n para presentar m\u00e1s informaci\u00f3n sobre la iniciativa, as\u00ed como la importancia de esta reforma para las juventudes del estado.<\/p>\n<p>Sin embargo, afirm\u00f3, aunque ha habido comunicaciones, hasta el momento no se ha establecido una fecha para concretar dichos encuentros. La comisi\u00f3n antes mencionada est\u00e1 integrada por Liz Selene Salazar P\u00e9rez, Enrique Antonio Correa Sada y Dulce Imelda Ventura Rend\u00f3n, legisladores de la fracci\u00f3n del <b>Partido Acci\u00f3n Nacional (PAN).<\/b><\/p>\n<p>Reiter\u00f3 que esta iniciativa es clave para el colectivo, pues busca que las juventudes que pertenecen a la diversidad sexual sean reconocidas por su participaci\u00f3n ciudadana y pol\u00edtica en la promoci\u00f3n y defensa de los <b>derechos de la comunidad LGBT+.<\/b><\/p>\n<p><b id=\"docs-internal-guid-ef4aedc1-7fff-0989-db2a-b8f4d72a5f47\"><b>\u27a1\ufe0f <\/b><a href=\"https:\/\/oem.us16.list-manage.com\/subscribe?u=c04a811ee61dc85305bf7133b&amp;id=f1b85ee5bb\"><b><u>Suscr\u00edbete a nuestro Newsletter y recibe las notas m\u00e1s relevantes en tu correo<\/u><\/b><\/a><\/b><\/p>\n<p><i>\u201cHemos establecido comunicaci\u00f3n, pero hasta el momento no se nos ha dado como la oportunidad o la fecha exacta para poder reunirnos. Pero, en cuanto nos reunamos, cr\u00e9anos que vamos a empezar a difundirlo porque al final es una de nuestras iniciativas clave, de nuestras iniciativas estrella\u201d, concluy\u00f3.<\/i><\/p>\n<\/div>\n<p><script>(function(d, s, id) {\nvar js, fjs = d.getElementsByTagName(s)[0];\nif (d.getElementById(id)) return;\njs = d.createElement(s); js.id = id;\njs.src = 'https:\/\/connect.facebook.net\/es_LA\/sdk.js#xfbml=1&version=v3.2&appId=232029482016746&autoLogAppEvents=1';\nfjs.parentNode.insertBefore(js, fjs);\n}(document, 'script', 'facebook-jssdk'));\n<\/script><\/p>\n","protected":false},"excerpt":{"rendered":"<p>La iniciativa de reforma para incluir la categor\u00eda de diversidad sexual en el Premio Estatal de la Juventud avanza de manera lenta en el Congreso Local, esto a comparaci\u00f3n de otros proyectos legislativos que se han presentado en la LX Legislatura de Quer\u00e9taro, afirm\u00f3 el presidente de la asociaci\u00f3n LGBT+ Rights Quer\u00e9taro, Ibrahim Prado. Record\u00f3 [&hellip;]<\/p>\n","protected":false},"author":2,"featured_media":9063,"comment_status":"","ping_status":"","sticky":false,"template":"","format":"standard","meta":{"_monsterinsights_skip_tracking":false,"_monsterinsights_sitenote_active":false,"_monsterinsights_sitenote_note":"","_monsterinsights_sitenote_category":0,"footnotes":""},"categories":[6],"tags":[],"class_list":["post-9062","post","type-post","status-publish","format-standard","has-post-thumbnail","hentry","category-san-juan-del-rio"],"_links":{"self":[{"href":"https:\/\/informebajio.com.mx\/index.php?rest_route=\/wp\/v2\/posts\/9062","targetHints":{"allow":["GET"]}}],"collection":[{"href":"https:\/\/informebajio.com.mx\/index.php?rest_route=\/wp\/v2\/posts"}],"about":[{"href":"https:\/\/informebajio.com.mx\/index.php?rest_route=\/wp\/v2\/types\/post"}],"author":[{"embeddable":true,"href":"https:\/\/informebajio.com.mx\/index.php?rest_route=\/wp\/v2\/users\/2"}],"replies":[{"embeddable":true,"href":"https:\/\/informebajio.com.mx\/index.php?rest_route=%2Fwp%2Fv2%2Fcomments&post=9062"}],"version-history":[{"count":0,"href":"https:\/\/informebajio.com.mx\/index.php?rest_route=\/wp\/v2\/posts\/9062\/revisions"}],"wp:featuredmedia":[{"embeddable":true,"href":"https:\/\/informebajio.com.mx\/index.php?rest_route=\/wp\/v2\/media\/9063"}],"wp:attachment":[{"href":"https:\/\/informebajio.com.mx\/index.php?rest_route=%2Fwp%2Fv2%2Fmedia&parent=9062"}],"wp:term":[{"taxonomy":"category","embeddable":true,"href":"https:\/\/informebajio.com.mx\/index.php?rest_route=%2Fwp%2Fv2%2Fcategories&post=9062"},{"taxonomy":"post_tag","embeddable":true,"href":"https:\/\/informebajio.com.mx\/index.php?rest_route=%2Fwp%2Fv2%2Ftags&post=9062"}],"curies":[{"name":"wp","href":"https:\/\/api.w.org\/{rel}","templated":true}]}}