{"id":9066,"date":"2023-05-03T12:45:43","date_gmt":"2023-05-03T17:45:43","guid":{"rendered":"https:\/\/informebajio.com.mx\/?p=9066"},"modified":"2023-05-03T12:45:43","modified_gmt":"2023-05-03T17:45:43","slug":"dia-de-la-santa-cruz-para-mi-el-ser-albanil-es-un-orgullo-victor-hernandez","status":"publish","type":"post","link":"https:\/\/informebajio.com.mx\/?p=9066","title":{"rendered":"D\u00eda de la Santa Cruz, \u201cPara m\u00ed el ser alba\u00f1il es un orgullo\u201d: V\u00edctor Hern\u00e1ndez"},"content":{"rendered":"<div id=\"content-body-5851641-10004900\">\n<p><b>CELAY, Gto. (OEM-Informex).-<\/b> Ya sea por <b>tradici\u00f3n o por devoci\u00f3n,<\/b> desde el <b>Siglo IV<\/b> en muchos pa\u00edses del mundo cada <b>3 de mayo se celebra el \u201cD\u00eda de la Santa Cruz\u201d,<\/b> fecha en la que los <b>alba\u00f1iles<\/b> en <b>M\u00e9xico<\/b> <b>acostumbran adornar una cruz con listones y flores de colores<\/b> para ser llevada al templo, tal y como lo hace <b>Julio C\u00e9sar Ram\u00edrez<\/b> desde <b>hace 20 a\u00f1os;<\/b> mientras que, en el caso de quienes no son <b>cat\u00f3licos,<\/b> esta celebraci\u00f3n la conmemoran para agradecer a los compa\u00f1eros por su gran esfuerzo, esto de acuerdo a lo que coment\u00f3 <b>V\u00edctor Abraham Hern\u00e1ndez<\/b> <b>Ram\u00edrez, quien es \u201cmaistrero alba\u00f1il\u201d.<\/b> <\/p>\n<p><b><a href=\"http:\/\/oem.pressreader.com\/el-sol-de-bajio\" target=\"_self\" rel=\"Follow noopener\">\u27a1\ufe0fSuscr\u00edbete a nuestra edici\u00f3n digital<\/a><\/b><\/p>\n<h2><b><i>\u201cPARA MI SER ALBA\u00d1IL ES UN ORGULLO\u201d: RAM\u00cdREZ <\/i><\/b><\/h2>\n<p>Por un lado, <b>Julio C\u00e9sar Ram\u00edrez,<\/b> quien tiene 20 a\u00f1os de alba\u00f1il, platic\u00f3 que empez\u00f3 desde muy peque\u00f1o en este trabajo, ya que desafortunadamente, su familia no ten\u00eda recursos para que terminara una carrera, sin embargo, con el paso del tiempo logr\u00f3 agarrarle mucho cari\u00f1o a este oficio, al cual <b>\u201csiempre le echo muchas ganas\u201d.<\/b> <\/p>\n<p><b><br \/><\/b><\/p>\n<p><b>\u201cDesde hace 20 a\u00f1os celebro este d\u00eda con mucha fe y devoci\u00f3n, soy muy cat\u00f3lico. Para mi esta fiesta tiene un simbolismo, la santa cruz es para m\u00ed la cruz que cargas diariamente en el trabajo durante todo el a\u00f1o, porque es una friega, no es f\u00e1cil\u201d.<\/b><\/p>\n<p><b>\u201cYo suelo hacer mi propia cruz con listones y flores de colores, me gusta llevarla al templo, donde rezo, me quedo a misa y me llevo la bendici\u00f3n. Cuando salgo, me llevo la cruz para bendecir la chamba, la colocamos en un lugar visible y ah\u00ed junto al \u201cmaistrero\u201d de alba\u00f1iles celebramos con una comida\u201d.<\/b><\/p>\n<p>Destac\u00f3 que: <b>\u201cPara mi ser alba\u00f1il es un orgullo, porque aprendes a hacer muchas cosas y conoces muchas buenas personas\u201d.<\/b> <\/p>\n<h2><b><i>\u201cNO SOY CAT\u00d3LICO, PERO CELEBRO POR TRADICI\u00d3N\u201d: HERN\u00c1NDEZ RAM\u00cdREZ <\/i><\/b><\/h2>\n<p>Por otro lado, <b>V\u00edctor Abraham Hern\u00e1ndez Ram\u00edrez,<\/b> quien es <b>\u201cmaistrero\u201d<\/b> de obra, indic\u00f3 que desde los 13 a\u00f1os se dedica a la alba\u00f1iler\u00eda, es decir, desde hace 18 a\u00f1os, donde aprendi\u00f3 todo el oficio con el que ahora es su suegro y que pertenecen a los <b>\u201cAlba\u00f1iles de la Cruz\u201d.<\/b><\/p>\n<p><b><br \/><\/b><\/p>\n<p><b>\u201cYo empec\u00e9 desde abajo como chal\u00e1n, pero conforme segu\u00ed ech\u00e1ndole ganas logr\u00e9 convertirme en maistrero. Ahora me encuentro con mis compa\u00f1eros trabajando en una obra de remodelaci\u00f3n en la calle \u00c1lvaro Obreg\u00f3n, estamos poniendo p\u00f3rfido para que la ciudadan\u00eda tenga un lugar bonito por donde pasar\u201d.<\/b><\/p>\n<p><b>Hern\u00e1ndez Ram\u00edrez,<\/b> mencion\u00f3 que al ser <b>Cristiano Evang\u00e9lico,<\/b> no acostumbra celebrar esta fecha por devoci\u00f3n, sin embargo, lo hace por tradici\u00f3n y para reconocer el esfuerzo que hace la gente cada d\u00eda al trabajar en la alba\u00f1iler\u00eda. <\/p>\n<p><b>Te puede interesar:<\/b> <b><a href=\"https:\/\/www.elsoldelbajio.com.mx\/local\/debe-colonia-los-pinos-3-millones-de-pesos-a-jumapa-10000607.html\" target=\"_blank\" rel=\"Follow noopener\">Debe colonia Los Pinos 3 millones de pesos a Jumapa<\/a><\/b><\/p>\n<p><b>\u201cEs un trabajo rudo y pesado, no cualquiera se mete a la construcci\u00f3n, por eso lo festejo, festejo a los muchachos para que tengan un d\u00eda especial, para que se sientan parte de nosotros como maistreros que estamos agradecidos con ellos. Generalmente lo que se hace es una convivencia en el trabajo, puede ser por parte de la empresa y si no, uno se los hace para que se animen y le sigan echando ganas a todo\u201d. <\/b><\/p>\n<p>Por otra parte, solicit\u00f3 a la ciudadan\u00eda que reconozcan el trabajo que hacen los alba\u00f1iles, que sean <b>agradecidos y emp\u00e1ticos<\/b> con ellos, debido a que es muy com\u00fan que la gente sea grosera y los vea como inferiores cuando no lo son. <\/p>\n<p><b>\u201cNosotros tambi\u00e9n somos gente de bien, somos trabajadores, tenemos familia, hijos y queremos lo mejor para ellos. Estamos de alba\u00f1iles, pero ninguno de nosotros queremos que nuestros hijos pasen por el sol, la lluvia, los malos tratos y tantas cosas\u201d.<\/b><\/p>\n<h2><b><i>TRABAJAN JORNADAS DE 12 A 15 HORAS AL D\u00cdA <\/i><\/b><\/h2>\n<p>Coment\u00f3 que en una jornada, los alba\u00f1iles pueden trabajar entre <b>12 y 15 horas diarias<\/b> y dependiendo de <b>\u201cla chamba tenemos que trabajar de lunes a domingo, de lunes a viernes o de lunes a s\u00e1bado, pero al final tenemos una compensaci\u00f3n, el sueldo y la satisfacci\u00f3n de ver la obra terminada\u201d. <\/b><\/p>\n<p>Asimismo, refiri\u00f3 que la semana, el <b>salario m\u00ednimo de un alba\u00f1il es de dos mil 500 pesos para el maistrero y mil 800 pesos para el chal\u00e1n,<\/b> mientras que, un salario bueno de alba\u00f1il puede ir de los <b>cuatro mil hasta los cinco mil pesos,<\/b> dependiendo de la funci\u00f3n que desempe\u00f1e y la experiencia que tenga. <\/p>\n<h2><b><i>EN 2022 EXIST\u00cdAN 1.63 MILLONES DE ALBA\u00d1ILES EN M\u00c9XICO <\/i><\/b><\/h2>\n<p>De acuerdo con la agencia <b>Data M\u00e9xico,<\/b> durante 2022, 1.63 millones de personas realizaron un trabajo de alba\u00f1iler\u00eda, de los cuales el 99.7% son hombres y el 0.34% mujeres. Un profesional alba\u00f1il trabaja alrededor de 44.6 horas a la semana y la edad promedio es de 44.1.<\/p>\n<p>Adem\u00e1s, <b>el 6.69% se ocupan en un segundo trabajo,<\/b> el 9.6% tiene un empleo formal y el 90.4% son trabajadores informales. Por otra parte, la informaci\u00f3n tambi\u00e9n indica que durante el cuarto trimestre de 2022, la poblaci\u00f3n ocupada fue mayor en instalaciones y equipamiento en construcciones con el 55.9%, seguido por la edificaci\u00f3n residencial con el 38.5% y no especificado registr\u00f3 el 1.62%.<\/p>\n<\/div>\n<p><script>(function(d, s, id) {\nvar js, fjs = d.getElementsByTagName(s)[0];\nif (d.getElementById(id)) return;\njs = d.createElement(s); js.id = id;\njs.src = 'https:\/\/connect.facebook.net\/es_LA\/sdk.js#xfbml=1&version=v3.2&appId=899106460676237&autoLogAppEvents=1';\nfjs.parentNode.insertBefore(js, fjs);\n}(document, 'script', 'facebook-jssdk'));\n<\/script><\/p>\n","protected":false},"excerpt":{"rendered":"<p>CELAY, Gto. (OEM-Informex).- Ya sea por tradici\u00f3n o por devoci\u00f3n, desde el Siglo IV en muchos pa\u00edses del mundo cada 3 de mayo se celebra el \u201cD\u00eda de la Santa Cruz\u201d, fecha en la que los alba\u00f1iles en M\u00e9xico acostumbran adornar una cruz con listones y flores de colores para ser llevada al templo, tal [&hellip;]<\/p>\n","protected":false},"author":2,"featured_media":9067,"comment_status":"","ping_status":"","sticky":false,"template":"","format":"standard","meta":{"_monsterinsights_skip_tracking":false,"_monsterinsights_sitenote_active":false,"_monsterinsights_sitenote_note":"","_monsterinsights_sitenote_category":0,"footnotes":""},"categories":[8],"tags":[],"class_list":["post-9066","post","type-post","status-publish","format-standard","has-post-thumbnail","hentry","category-guanajuato"],"_links":{"self":[{"href":"https:\/\/informebajio.com.mx\/index.php?rest_route=\/wp\/v2\/posts\/9066","targetHints":{"allow":["GET"]}}],"collection":[{"href":"https:\/\/informebajio.com.mx\/index.php?rest_route=\/wp\/v2\/posts"}],"about":[{"href":"https:\/\/informebajio.com.mx\/index.php?rest_route=\/wp\/v2\/types\/post"}],"author":[{"embeddable":true,"href":"https:\/\/informebajio.com.mx\/index.php?rest_route=\/wp\/v2\/users\/2"}],"replies":[{"embeddable":true,"href":"https:\/\/informebajio.com.mx\/index.php?rest_route=%2Fwp%2Fv2%2Fcomments&post=9066"}],"version-history":[{"count":0,"href":"https:\/\/informebajio.com.mx\/index.php?rest_route=\/wp\/v2\/posts\/9066\/revisions"}],"wp:featuredmedia":[{"embeddable":true,"href":"https:\/\/informebajio.com.mx\/index.php?rest_route=\/wp\/v2\/media\/9067"}],"wp:attachment":[{"href":"https:\/\/informebajio.com.mx\/index.php?rest_route=%2Fwp%2Fv2%2Fmedia&parent=9066"}],"wp:term":[{"taxonomy":"category","embeddable":true,"href":"https:\/\/informebajio.com.mx\/index.php?rest_route=%2Fwp%2Fv2%2Fcategories&post=9066"},{"taxonomy":"post_tag","embeddable":true,"href":"https:\/\/informebajio.com.mx\/index.php?rest_route=%2Fwp%2Fv2%2Ftags&post=9066"}],"curies":[{"name":"wp","href":"https:\/\/api.w.org\/{rel}","templated":true}]}}