{"id":9070,"date":"2023-05-03T13:19:32","date_gmt":"2023-05-03T18:19:32","guid":{"rendered":"https:\/\/informebajio.com.mx\/?p=9070"},"modified":"2023-05-03T13:19:32","modified_gmt":"2023-05-03T18:19:32","slug":"entregan-cuentas-en-palacio-nacional","status":"publish","type":"post","link":"https:\/\/informebajio.com.mx\/?p=9070","title":{"rendered":"Entregan cuentas en Palacio Nacional"},"content":{"rendered":"<div>\n<a class=\"author\" href=\"\/author\/.html\"\/><br \/>\nTiempo de lectura: 1 min.\n<\/div>\n<p>\nLos secretarios de Seguridad, Rosa Icela Rodr\u00edguez; Defensa, Luis Cresencio Sandoval, y de Marina, Rafael Ojeda, durante la ma\u00f1anera de ayer.<br \/>\n<span class=\"pie-author\"><br \/>\nFoto <b>Pablo Ramos<\/b><br \/>\n<\/span>\n<\/p>\n<div>\n<div class=\"article-main\">\n<p>\n<span class=\"tipo-impresa\"><br \/>\n<i class=\"fas fa-newspaper\"\/><br \/>\n<\/span><br \/>\nPeri\u00f3dico La Jornada<br \/>mi\u00e9rcoles 03 de mayo de 2023<br \/>\n, p. 6\n<\/p>\n<\/div>\n<\/div>\n<p><script>\n      !function(f,b,e,v,n,t,s)\n      {if(f.fbq)return;n=f.fbq=function(){n.callMethod?\n      n.callMethod.apply(n,arguments):n.queue.push(arguments)};\n      if(!f._fbq)f._fbq=n;n.push=n;n.loaded=!0;n.version='2.0';\n      n.queue=[];t=b.createElement(e);t.async=!0;\n      t.src=v;s=b.getElementsByTagName(e)[0];\n      s.parentNode.insertBefore(t,s)}(window, document,'script',\n      'https:\/\/connect.facebook.net\/en_US\/fbevents.js');\n      fbq('init', '133913093805922');\n      fbq('track', 'PageView');\n      fbq('track', 'Contact');\n      fbq('track', 'Donate');\n      fbq('track', 'FindLocation');\n      fbq('track', 'Lead');\n      fbq('track', 'Search');\n      fbq('track', 'Subscribe', {value: '0.00', currency: 'MXN', predicted_ltv: '0.00'});\n      fbq('track', 'ViewContent');\n    <\/script><script type=\"text\/javascript\">(function(d, s, id) {\n\t  var js, fjs = d.getElementsByTagName(s)[0];\n\t  if (d.getElementById(id)) return;\n\t  js = d.createElement(s); js.id = id;\n\t  js.src = \"\/\/connect.facebook.net\/es_LA\/sdk.js#xfbml=1&amp;version=v3.3&amp;appId=774389309362880\";\n\t  fjs.parentNode.insertBefore(js, fjs);\n\t}(document, 'script', 'facebook-jssdk'));<\/script><\/p>\n","protected":false},"excerpt":{"rendered":"<p>Tiempo de lectura: 1 min. Los secretarios de Seguridad, Rosa Icela Rodr\u00edguez; Defensa, Luis Cresencio Sandoval, y de Marina, Rafael Ojeda, durante la ma\u00f1anera de ayer. Foto Pablo Ramos Peri\u00f3dico La Jornadami\u00e9rcoles 03 de mayo de 2023 , p. 6<\/p>\n","protected":false},"author":2,"featured_media":9071,"comment_status":"","ping_status":"","sticky":false,"template":"","format":"standard","meta":{"_monsterinsights_skip_tracking":false,"_monsterinsights_sitenote_active":false,"_monsterinsights_sitenote_note":"","_monsterinsights_sitenote_category":0,"footnotes":""},"categories":[9],"tags":[],"class_list":["post-9070","post","type-post","status-publish","format-standard","has-post-thumbnail","hentry","category-deportes"],"_links":{"self":[{"href":"https:\/\/informebajio.com.mx\/index.php?rest_route=\/wp\/v2\/posts\/9070","targetHints":{"allow":["GET"]}}],"collection":[{"href":"https:\/\/informebajio.com.mx\/index.php?rest_route=\/wp\/v2\/posts"}],"about":[{"href":"https:\/\/informebajio.com.mx\/index.php?rest_route=\/wp\/v2\/types\/post"}],"author":[{"embeddable":true,"href":"https:\/\/informebajio.com.mx\/index.php?rest_route=\/wp\/v2\/users\/2"}],"replies":[{"embeddable":true,"href":"https:\/\/informebajio.com.mx\/index.php?rest_route=%2Fwp%2Fv2%2Fcomments&post=9070"}],"version-history":[{"count":0,"href":"https:\/\/informebajio.com.mx\/index.php?rest_route=\/wp\/v2\/posts\/9070\/revisions"}],"wp:featuredmedia":[{"embeddable":true,"href":"https:\/\/informebajio.com.mx\/index.php?rest_route=\/wp\/v2\/media\/9071"}],"wp:attachment":[{"href":"https:\/\/informebajio.com.mx\/index.php?rest_route=%2Fwp%2Fv2%2Fmedia&parent=9070"}],"wp:term":[{"taxonomy":"category","embeddable":true,"href":"https:\/\/informebajio.com.mx\/index.php?rest_route=%2Fwp%2Fv2%2Fcategories&post=9070"},{"taxonomy":"post_tag","embeddable":true,"href":"https:\/\/informebajio.com.mx\/index.php?rest_route=%2Fwp%2Fv2%2Ftags&post=9070"}],"curies":[{"name":"wp","href":"https:\/\/api.w.org\/{rel}","templated":true}]}}