{"id":9078,"date":"2023-05-03T14:50:19","date_gmt":"2023-05-03T19:50:19","guid":{"rendered":"https:\/\/informebajio.com.mx\/?p=9078"},"modified":"2023-05-03T14:50:19","modified_gmt":"2023-05-03T19:50:19","slug":"concluye-en-junio-estudio-de-transporte-publico","status":"publish","type":"post","link":"https:\/\/informebajio.com.mx\/?p=9078","title":{"rendered":"Concluye en junio estudio de transporte p\u00fablico"},"content":{"rendered":"<div id=\"content-body-5851641-10000187\">\n<p><b>CELAYA, Gto. (OEM-Informex).-<\/b> El estudio de Movilidad que hace el Instituto Municipal de Investigaci\u00f3n, Planeaci\u00f3n y Estad\u00edstica <b>(IMIPE) de Celaya,<\/b> estar\u00e1 en<b> junio<\/b> y arrojar\u00e1 qu\u00e9 es lo que tiene que hacer con el <b><a rel=\"Follow noopener\" target=\"_blank\" href=\"https:\/\/www.elsoldelbajio.com.mx\/local\/solo-siete-empresas-de-transporte-publico-presentaron-contrato-constitutivo-9865004.html\">transporte p\u00fablico<\/a>,<\/b> as\u00ed lo se\u00f1al\u00f3 <b>Jos\u00e9 Trinidad Mart\u00ednez Soto.<\/b><\/p>\n<p><b><a rel=\"Follow noopener\" target=\"_self\" href=\"http:\/\/oem.pressreader.com\/el-sol-de-bajio\">\u27a1\ufe0fSuscr\u00edbete a nuestra edici\u00f3n digital<\/a><\/b><\/p>\n<p>El funcionario municipal mencion\u00f3 que, de las cinco etapas, ya se est\u00e1 analizando la informaci\u00f3n de la <b>cuarta etapa.<\/b><\/p>\n<p>Los diagn\u00f3sticos que se han realizado son las encuestas que se hacen de <b>origen y destino,<\/b> c\u00f3mo est\u00e1n trabajando las empresas, el <b>tiempo de los recorridos de los autobuses,<\/b> as\u00ed como su <b>capacidad, an\u00e1lisis econ\u00f3mico y financiero<\/b> de las empresas, su <b>capacidad t\u00e9cnica<\/b> con la que cuentan para poder impulsar un proyecto.<\/p>\n<p>Sobre el estudio de <b>Movilidad y el Sistema Integrado de Transporte, Mart\u00ednez Soto,<\/b> dijo: <b>\u201cestos son proyectos que no son de una administraci\u00f3n, es de muchas administraciones y un ejemplo es la ciudad de Le\u00f3n, donde tienen trabajando 20 a\u00f1os y no lo han concluido porque va evolucionando\u201d. <\/b><\/p>\n<p>El funcionario municipal se\u00f1al\u00f3 que una vez que se <b>termine el estudio, <\/b>ya estar\u00e1n en condiciones de presumir que tienen las estrategias, para comenzar a trabajar. <\/p>\n<p>El director de <b>Movilidad <\/b>dijo que la informaci\u00f3n no es directa de las empresas, sino que la consultor\u00eda realiz\u00f3 las encuestas, estudios e hizo visitas a las empresas. <\/p>\n<p>Es de mencionar que el <b>gobierno municipal destin\u00f3 entre 4 y 5 millones de pesos, para el estudio,<\/b> el cual determinar\u00e1 los trazos de rutas del transporte p\u00fablico y de las unidades necesarias para un mejor servicio y dar paso al programa municipal de <b>movilidad.<\/b><\/p>\n<\/div>\n<p><script>(function(d, s, id) {\nvar js, fjs = d.getElementsByTagName(s)[0];\nif (d.getElementById(id)) return;\njs = d.createElement(s); js.id = id;\njs.src = 'https:\/\/connect.facebook.net\/es_LA\/sdk.js#xfbml=1&version=v3.2&appId=899106460676237&autoLogAppEvents=1';\nfjs.parentNode.insertBefore(js, fjs);\n}(document, 'script', 'facebook-jssdk'));\n<\/script><\/p>\n","protected":false},"excerpt":{"rendered":"<p>CELAYA, Gto. (OEM-Informex).- El estudio de Movilidad que hace el Instituto Municipal de Investigaci\u00f3n, Planeaci\u00f3n y Estad\u00edstica (IMIPE) de Celaya, estar\u00e1 en junio y arrojar\u00e1 qu\u00e9 es lo que tiene que hacer con el transporte p\u00fablico, as\u00ed lo se\u00f1al\u00f3 Jos\u00e9 Trinidad Mart\u00ednez Soto. \u27a1\ufe0fSuscr\u00edbete a nuestra edici\u00f3n digital El funcionario municipal mencion\u00f3 que, de las [&hellip;]<\/p>\n","protected":false},"author":2,"featured_media":9079,"comment_status":"","ping_status":"","sticky":false,"template":"","format":"standard","meta":{"_monsterinsights_skip_tracking":false,"_monsterinsights_sitenote_active":false,"_monsterinsights_sitenote_note":"","_monsterinsights_sitenote_category":0,"footnotes":""},"categories":[8],"tags":[],"class_list":["post-9078","post","type-post","status-publish","format-standard","has-post-thumbnail","hentry","category-guanajuato"],"_links":{"self":[{"href":"https:\/\/informebajio.com.mx\/index.php?rest_route=\/wp\/v2\/posts\/9078","targetHints":{"allow":["GET"]}}],"collection":[{"href":"https:\/\/informebajio.com.mx\/index.php?rest_route=\/wp\/v2\/posts"}],"about":[{"href":"https:\/\/informebajio.com.mx\/index.php?rest_route=\/wp\/v2\/types\/post"}],"author":[{"embeddable":true,"href":"https:\/\/informebajio.com.mx\/index.php?rest_route=\/wp\/v2\/users\/2"}],"replies":[{"embeddable":true,"href":"https:\/\/informebajio.com.mx\/index.php?rest_route=%2Fwp%2Fv2%2Fcomments&post=9078"}],"version-history":[{"count":0,"href":"https:\/\/informebajio.com.mx\/index.php?rest_route=\/wp\/v2\/posts\/9078\/revisions"}],"wp:featuredmedia":[{"embeddable":true,"href":"https:\/\/informebajio.com.mx\/index.php?rest_route=\/wp\/v2\/media\/9079"}],"wp:attachment":[{"href":"https:\/\/informebajio.com.mx\/index.php?rest_route=%2Fwp%2Fv2%2Fmedia&parent=9078"}],"wp:term":[{"taxonomy":"category","embeddable":true,"href":"https:\/\/informebajio.com.mx\/index.php?rest_route=%2Fwp%2Fv2%2Fcategories&post=9078"},{"taxonomy":"post_tag","embeddable":true,"href":"https:\/\/informebajio.com.mx\/index.php?rest_route=%2Fwp%2Fv2%2Ftags&post=9078"}],"curies":[{"name":"wp","href":"https:\/\/api.w.org\/{rel}","templated":true}]}}