{"id":9086,"date":"2023-05-03T15:30:07","date_gmt":"2023-05-03T20:30:07","guid":{"rendered":"https:\/\/informebajio.com.mx\/?p=9086"},"modified":"2023-05-03T15:30:07","modified_gmt":"2023-05-03T20:30:07","slug":"suspenden-a-policias-por-abuso-en-contra-de-reportero","status":"publish","type":"post","link":"https:\/\/informebajio.com.mx\/?p=9086","title":{"rendered":"Suspenden a polic\u00edas por abuso en contra de reportero"},"content":{"rendered":"<div id=\"content-body-5851641-10004729\">\n<p><b>CELAYA, Gto.-<\/b> Se dio inicio a una <b>carpeta de investigaci\u00f3n en Asuntos internos de la Secretar\u00eda de Seguridad Ciudadana,<\/b> en <b>contra de los elementos que realizaron abuso policial en contra del reportero \u00c1ngel Galindo,<\/b> el pasado viernes, as\u00ed lo dio a conocer el secretario de Seguridad ciudadana, <b>Jes\u00fas Ignacio Rivera Peralta.<\/b><\/p>\n<p><b><a href=\"http:\/\/oem.pressreader.com\/el-sol-de-bajio\" target=\"_self\" rel=\"Follow noopener\">\u27a1\ufe0fSuscr\u00edbete a nuestra edici\u00f3n digital<\/a><\/b><\/p>\n<p>Adem\u00e1s se\u00f1al\u00f3 que <b>se encuentran separados de su cargo<\/b> en lo que se llevan a cabo las investigaciones, esto luego de que el viernes 28 de abril por la tarde, <b>elementos de la Polic\u00eda<\/b> <b>Municipal golpearan al reportero de El Sol del Baj\u00edo,<\/b> cuando se encontraba cerca del <b>Parque Lineal.<\/b><\/p>\n<p><b><br \/><\/b><\/p>\n<p>La carpeta de investigaci\u00f3n iniciada fue la n\u00famero <b>031\/2023<\/b> de la unidad de <b>Asuntos Internos<\/b>, as\u00ed mismo se giraron oficio a las diferentes \u00e1reas de la SSC que intervienen en el evento para delimitar las responsabilidades.<\/p>\n<p><b>\u201cClaro que dimos seguimiento al tema, por lo que se apertur\u00f3 la carpeta de investigaci\u00f3n n\u00famero 031\/2023 de la unidad de Asuntos Internos, los elementos ya est\u00e1n separados del cargo y ya se giraron oficios a las diferentes \u00e1reas de la SSC que intervienen en el evento para delimitar las responsabilidades. Y claro que habr\u00e1 sanciones, aqu\u00ed no cabe la impunidad\u201d,<\/b> se\u00f1al\u00f3 el funcionario. <\/p>\n<p>Adem\u00e1s mencion\u00f3 que siguen reestructurando las \u00e1reas operativas de la <b>Polic\u00eda Municipal<\/b> y evitar este tipo de situaciones dentro de la corporaci\u00f3n.<\/p>\n<p>Es de se\u00f1alar que, por el momento, el periodista <b>\u00c1ngel Galindo<\/b> a\u00fan se encuentra recuper\u00e1ndose de la <b>golpiza,<\/b> pues es de manifestar que present\u00f3 <b>una fractura en costilla, esguince cervical y algunos golpes internos,<\/b> mismos que a\u00fan est\u00e1n siendo valorados por su m\u00e9dico.<\/p>\n<p>Es importante recalcar que esta acci\u00f3n se dio a unos d\u00edas del <b>D\u00eda de la Libertad de Prensa,<\/b> que se celebra este <b>3 de mayo.<\/b> Y este caso no ha sido el \u00fanico que se da en el municipio, pues el a\u00f1o pasado <b>dos periodistas de un medio digital fueron agredidos<\/b> mientras se encontraban laborando y cubriendo un hecho policial, del cual hasta hace unos d\u00edas el secretario de <b>Seguridad Ciudadana,<\/b> <b>Jes\u00fas Ignacio Rivera Peralta,<\/b> emiti\u00f3 una <b>disculpa p\u00fablica, como lo recomend\u00f3 Derechos Humanos.<\/b><\/p>\n<p>Se estar\u00e1 a la espera de m\u00e1s informaci\u00f3n en este caso, el tipo de sanciones que recibir\u00e1n los elementos y el seguimiento al estado de salud de <b>\u00c1ngel Galindo.<\/b><\/p>\n<\/div>\n<p><script>(function(d, s, id) {\nvar js, fjs = d.getElementsByTagName(s)[0];\nif (d.getElementById(id)) return;\njs = d.createElement(s); js.id = id;\njs.src = 'https:\/\/connect.facebook.net\/es_LA\/sdk.js#xfbml=1&version=v3.2&appId=899106460676237&autoLogAppEvents=1';\nfjs.parentNode.insertBefore(js, fjs);\n}(document, 'script', 'facebook-jssdk'));\n<\/script><\/p>\n","protected":false},"excerpt":{"rendered":"<p>CELAYA, Gto.- Se dio inicio a una carpeta de investigaci\u00f3n en Asuntos internos de la Secretar\u00eda de Seguridad Ciudadana, en contra de los elementos que realizaron abuso policial en contra del reportero \u00c1ngel Galindo, el pasado viernes, as\u00ed lo dio a conocer el secretario de Seguridad ciudadana, Jes\u00fas Ignacio Rivera Peralta. \u27a1\ufe0fSuscr\u00edbete a nuestra edici\u00f3n [&hellip;]<\/p>\n","protected":false},"author":2,"featured_media":9087,"comment_status":"","ping_status":"","sticky":false,"template":"","format":"standard","meta":{"_monsterinsights_skip_tracking":false,"_monsterinsights_sitenote_active":false,"_monsterinsights_sitenote_note":"","_monsterinsights_sitenote_category":0,"footnotes":""},"categories":[8],"tags":[],"class_list":["post-9086","post","type-post","status-publish","format-standard","has-post-thumbnail","hentry","category-guanajuato"],"_links":{"self":[{"href":"https:\/\/informebajio.com.mx\/index.php?rest_route=\/wp\/v2\/posts\/9086","targetHints":{"allow":["GET"]}}],"collection":[{"href":"https:\/\/informebajio.com.mx\/index.php?rest_route=\/wp\/v2\/posts"}],"about":[{"href":"https:\/\/informebajio.com.mx\/index.php?rest_route=\/wp\/v2\/types\/post"}],"author":[{"embeddable":true,"href":"https:\/\/informebajio.com.mx\/index.php?rest_route=\/wp\/v2\/users\/2"}],"replies":[{"embeddable":true,"href":"https:\/\/informebajio.com.mx\/index.php?rest_route=%2Fwp%2Fv2%2Fcomments&post=9086"}],"version-history":[{"count":0,"href":"https:\/\/informebajio.com.mx\/index.php?rest_route=\/wp\/v2\/posts\/9086\/revisions"}],"wp:featuredmedia":[{"embeddable":true,"href":"https:\/\/informebajio.com.mx\/index.php?rest_route=\/wp\/v2\/media\/9087"}],"wp:attachment":[{"href":"https:\/\/informebajio.com.mx\/index.php?rest_route=%2Fwp%2Fv2%2Fmedia&parent=9086"}],"wp:term":[{"taxonomy":"category","embeddable":true,"href":"https:\/\/informebajio.com.mx\/index.php?rest_route=%2Fwp%2Fv2%2Fcategories&post=9086"},{"taxonomy":"post_tag","embeddable":true,"href":"https:\/\/informebajio.com.mx\/index.php?rest_route=%2Fwp%2Fv2%2Ftags&post=9086"}],"curies":[{"name":"wp","href":"https:\/\/api.w.org\/{rel}","templated":true}]}}