{"id":9088,"date":"2023-05-03T17:00:18","date_gmt":"2023-05-03T22:00:18","guid":{"rendered":"https:\/\/informebajio.com.mx\/?p=9088"},"modified":"2023-05-03T17:00:18","modified_gmt":"2023-05-03T22:00:18","slug":"negocio-marchito-auguran-mala-calidad-en-las-rosas-de-el-organal","status":"publish","type":"post","link":"https:\/\/informebajio.com.mx\/?p=9088","title":{"rendered":"Negocio marchito: auguran mala calidad en las rosas de El Organal"},"content":{"rendered":"<div id=\"content-body-5851641-10005892\">\n<p><b>Poca producci\u00f3n de rosas<\/b> se tiene prevista para el <b>pr\u00f3ximo 10 de mayo <\/b>en la comunidad de<b> <a href=\"https:\/\/www.elsoldesanjuandelrio.com.mx\/local\/siguen-trabajando-de-la-mano-con-floricultores-9629950.html\" target=\"_self\" rel=\"Follow noopener\">El Organal<\/a>,<\/b> debido al impacto que se ha presentado en los <b>cultivos de esta flor a causa de los diferentes fen\u00f3menos meteorol\u00f3gicos registrados en la comunidad.<\/b><\/p>\n<p>Maximino Ordaz Melchor y su familia, por muchos a\u00f1os se ha dedicado a la producci\u00f3n de rosas y este a\u00f1o en espec\u00edfico, coment\u00f3 que<b> la calidad y el rendimiento de los tallos<\/b> se ha visto afectado por el aire y las altas temperaturas, pues la mayor\u00eda de estas se producen en invernaderos y en los \u00faltimos meses, fue cuando comenzaron a presentar las afectaciones.<\/p>\n<p><i>\u201cSu crecimiento normalmente es de un metro, todo depende de los invernaderos y cultivos, pero alcanzan una buena altura, en esta ocasi\u00f3n no fue as\u00ed, fue muy poco lo que crecieron, si habr\u00e1 producci\u00f3n pero, no como en otros a\u00f1os que se tiene en casi todas las hect\u00e1reas, de las 100 que se tienen en El Organal, el 50 por ciento se prepar\u00f3 para el 10 de mayo y muchas con estas afectaciones\u201d.<\/i><\/p>\n<p><b>La calidad que este a\u00f1o tendr\u00e1n las rosas,<\/b> reiter\u00f3 que ser\u00e1 menor a la de otros a\u00f1os, debido a que los ciclos estacionales est\u00e1n desfasados y por consecuencia han ocasionado estragos en los cultivos, es por ello que consider\u00f3 que el precio<b> ser\u00e1 distinto dependiendo de la calidad de las flores.<\/b><\/p>\n<p><i> \u201cEs un a\u00f1o complicado para nosotros, los aires han estado muy fuertes en la comunidad, entonces al descubrir capas de los invernaderos, la calidad de las rosas se viene para abajo y la producci\u00f3n ya no es igual, no es la misma calidad, no es el mismo rendimiento, descontrola un periodo de corte, si habr\u00e1 producci\u00f3n pero no todos programaron para el 10 de mayo\u201d.<\/i> <\/p>\n<p><b>Estim\u00f3 que estos d\u00edas la venta de los paquetes de rosas tendr\u00e1n diferentes costos,<\/b> las de menor crecimiento, en promedio 500 pesos y las de mejor calidad, en unos 800 o mil pesos, ya que ser\u00e1n diferentes los tallos que se corten.<\/p>\n<p>\u201cSe afecta el crecimiento y la formaci\u00f3n de bot\u00f3n, se deval\u00faa el precio del producto, para el 10 de mayo, la mayor\u00eda trabaja el paquete de rosas y este a\u00f1o habr\u00e1 precios variables, el m\u00e1s bajo estar\u00e1 en unos 500 pesos y el otro en mil pesos aproximadamente, el<b> 10 de mayo siempre es buena fecha para todos,<\/b> es una muy buena fecha, si no fuera d\u00eda festivo las rosas se devaluar\u00e1n mucho en su precio, pero como es d\u00eda de festejo, creemos que se vender\u00e1 conforme a su calidad\u201d.<\/p>\n<p><b id=\"docs-internal-guid-28122589-7fff-4911-3f03-8e5387c923e1\"><b>\u27a1\ufe0f <\/b><a href=\"https:\/\/oem.us16.list-manage.com\/subscribe?u=c04a811ee61dc85305bf7133b&amp;id=f1b85ee5bb\"><b><u>Suscr\u00edbete a nuestro Newsletter y recibe las notas m\u00e1s relevantes en tu correo<\/u><\/b><\/a><\/b><\/p>\n<\/div>\n<p><script>(function(d, s, id) {\nvar js, fjs = d.getElementsByTagName(s)[0];\nif (d.getElementById(id)) return;\njs = d.createElement(s); js.id = id;\njs.src = 'https:\/\/connect.facebook.net\/es_LA\/sdk.js#xfbml=1&version=v3.2&appId=232029482016746&autoLogAppEvents=1';\nfjs.parentNode.insertBefore(js, fjs);\n}(document, 'script', 'facebook-jssdk'));\n<\/script><\/p>\n","protected":false},"excerpt":{"rendered":"<p>Poca producci\u00f3n de rosas se tiene prevista para el pr\u00f3ximo 10 de mayo en la comunidad de El Organal, debido al impacto que se ha presentado en los cultivos de esta flor a causa de los diferentes fen\u00f3menos meteorol\u00f3gicos registrados en la comunidad. Maximino Ordaz Melchor y su familia, por muchos a\u00f1os se ha dedicado [&hellip;]<\/p>\n","protected":false},"author":2,"featured_media":9089,"comment_status":"","ping_status":"","sticky":false,"template":"","format":"standard","meta":{"_monsterinsights_skip_tracking":false,"_monsterinsights_sitenote_active":false,"_monsterinsights_sitenote_note":"","_monsterinsights_sitenote_category":0,"footnotes":""},"categories":[6],"tags":[],"class_list":["post-9088","post","type-post","status-publish","format-standard","has-post-thumbnail","hentry","category-san-juan-del-rio"],"_links":{"self":[{"href":"https:\/\/informebajio.com.mx\/index.php?rest_route=\/wp\/v2\/posts\/9088","targetHints":{"allow":["GET"]}}],"collection":[{"href":"https:\/\/informebajio.com.mx\/index.php?rest_route=\/wp\/v2\/posts"}],"about":[{"href":"https:\/\/informebajio.com.mx\/index.php?rest_route=\/wp\/v2\/types\/post"}],"author":[{"embeddable":true,"href":"https:\/\/informebajio.com.mx\/index.php?rest_route=\/wp\/v2\/users\/2"}],"replies":[{"embeddable":true,"href":"https:\/\/informebajio.com.mx\/index.php?rest_route=%2Fwp%2Fv2%2Fcomments&post=9088"}],"version-history":[{"count":0,"href":"https:\/\/informebajio.com.mx\/index.php?rest_route=\/wp\/v2\/posts\/9088\/revisions"}],"wp:featuredmedia":[{"embeddable":true,"href":"https:\/\/informebajio.com.mx\/index.php?rest_route=\/wp\/v2\/media\/9089"}],"wp:attachment":[{"href":"https:\/\/informebajio.com.mx\/index.php?rest_route=%2Fwp%2Fv2%2Fmedia&parent=9088"}],"wp:term":[{"taxonomy":"category","embeddable":true,"href":"https:\/\/informebajio.com.mx\/index.php?rest_route=%2Fwp%2Fv2%2Fcategories&post=9088"},{"taxonomy":"post_tag","embeddable":true,"href":"https:\/\/informebajio.com.mx\/index.php?rest_route=%2Fwp%2Fv2%2Ftags&post=9088"}],"curies":[{"name":"wp","href":"https:\/\/api.w.org\/{rel}","templated":true}]}}