{"id":9090,"date":"2023-05-03T18:38:18","date_gmt":"2023-05-03T23:38:18","guid":{"rendered":"https:\/\/informebajio.com.mx\/?p=9090"},"modified":"2023-05-03T18:38:18","modified_gmt":"2023-05-03T23:38:18","slug":"retoma-la-ctm-el-dia-del-trabajo-con-tradicional-desfile-en-villagran","status":"publish","type":"post","link":"https:\/\/informebajio.com.mx\/?p=9090","title":{"rendered":"Retoma la CTM el D\u00eda del Trabajo con tradicional desfile en Villagr\u00e1n"},"content":{"rendered":"<div id=\"content-body-5851641-9997809\">\n<p><b>VILLAGR\u00c1N, Gto.- (OEM-Informex).- Luego de 3 a\u00f1os de suspensi\u00f3n, debido a la pandemia, las organizaciones cetemistas retomaron la conmemoraci\u00f3n del Dia del Trabajo con el tradicional desfile de organizaciones obreras la ma\u00f1ana de este lunes 1o. de mayo.<\/b><\/p>\n<p><b><a href=\"http:\/\/oem.pressreader.com\/el-sol-de-bajio\" target=\"_self\" rel=\"Follow noopener\">Suscr\u00edbete a nuestra edici\u00f3n digital<\/a><\/b><\/p>\n<p>Participaron trabajadores de las organizaciones laborales de siete empresas que forman parte del Sindicato de Trabajadores de la Industria Metal Mec\u00e1nica (SITIMM), entre ellas Moresa, Kolbenschmidt, Hutchinson, GKN y Bayer.<\/p>\n<p>Luego del recorrido por diversas calles con la participaci\u00f3n de la escolta de Seguridad P\u00fablica, una banda de viento y una de guerra, los trabajadores se concentraron en el jard\u00edn principal donde se realiz\u00f3 un acto conmemorativo.<\/p>\n<p>Participaron el presidente municipal Juan Lara, la regidora del Ayuntamiento Mariana Isabel Castro Lerma, Juan Albineda Vera, secretario de Actas del SITIMM, as\u00ed como los secretarios generales de las organizaciones sindicales presentes, Carlos Espinoza Vargas, Ra\u00fal Jes\u00fas Mendoza Rico, Liborio Renter\u00eda Cerritos, Jos\u00e9 Octaviano Mart\u00ednez Ortega, Martha Alicia Ram\u00edrez Flores, Jos\u00e9 Luis Rojas, Felipe Robles Rico y Juan Manuel Chimal Perez.<\/p>\n<p>En su mensaje, el alcalde Juan Lara record\u00f3 que en 1933 se fund\u00f3 la Confederaci\u00f3n de Trabajadores de M\u00e9xico (CTM) para defender los derechos de los trabajadores y en 1938 la Confederaci\u00f3n Nacional Campesina (CNC) para hacer lo propio con los derechos de la gente del campo.<\/p>\n<p>Lament\u00f3 que estas centrales hayan decrecido por la falta de inter\u00e9s, y es que s\u00ed bien fueron creadas para defender los derechos de la gente que trabaja, tambi\u00e9n es cierto que anteriormente tuvieron espacios pol\u00edticos que facilitaban este esfuerzo en los congresos estatales, federales y alcald\u00edas, y ahora ya no los hay. <\/p>\n<p>Record\u00f3 que \u00e9l de 1974 a 1988 pertenec\u00eda a la CTM, &#8220;fui obrero tambi\u00e9n, y despu\u00e9s de 1988 a la fecha soy campesino en la CNC, tenemos que participar en la pol\u00edtica tenemos que tener representantes en el Senado, en el Congreso de la Uni\u00f3n y el Congreso del Estado y en las presidencias municipales, con gente del sector social, como es el caso hoy de Villagr\u00e1n, lamentablemente, su servidor es el \u00fanico presidente municipal de los 46 del estado que viene de la clase social, a la que me siento orgulloso de pertenecer&#8221;.<\/p>\n<p> Jos\u00e9 Luis Rojas, dirigente del sindicato de la empresa GKN, destac\u00f3 que a m\u00e1s de 140 a\u00f1os de la lucha qu\u00e9 inici\u00f3 con los m\u00e1rtires de Chicago: &#8220;A\u00fan seguimos en esa lucha, aqu\u00ed los secretarios generales de las diferentes empresas seguimos en lo mismo, haciendo respetar nuestro contrato colectivo de trabajo, queremos m\u00e1s y mejores prestaciones, mejores condiciones de trabajo, porque ustedes se lo merecen, la lucha no ha terminado&#8221;.<\/p>\n<p>Juan Albineda Vera destac\u00f3 que el d\u00eda del trabajo se conmemora debido a las manifestaciones que hubo en 1886 en la ciudad de Chicago, 5,000 trabajadores se manifestaron y estallaron la huelga debido a las condiciones de trabajo en las que viv\u00edan, desafortunadamente las autoridades los reprimieron, los mandaron matar y ahorcaron a varios, aqu\u00ed en M\u00e9xico en 1906 hubo otro movimiento en R\u00edo Blanco y tambi\u00e9n estall\u00f3 la huelga en Cananea, fueron reprimidos; buscaban mejores condiciones de trabajo, la reducci\u00f3n de la jornada de trabajo y el descanso el d\u00eda domingo, que no se ten\u00eda, gracias a estos movimientos fue que se instal\u00f3 el d\u00eda primero de Mayo como D\u00eda del Trabajo, posteriormente, gracias a esos movimientos sociales se estableci\u00f3 en la constituci\u00f3n pol\u00edtica en el art\u00edculo 123 el derecho al trabajo y 1936 la ley Federal del Trabajo que ya contemplaba los derechos de los trabajadores.<\/p>\n<p>\u201cHoy se cumplen 4 a\u00f1os que se public\u00f3 la reforma a la Ley en donde se estableci\u00f3 la legitimaci\u00f3n de los contratos colectivos, la elecci\u00f3n de las directivas sindicales, las consultas en las revisiones de contrato para que el trabajador votara de manera libre directa y secreta y eligiera su representantes sindicales, &#8220;nos sentimos muy orgullosos porque como SITIMM hemos logrado el d\u00eda de hoy la legitimaci\u00f3n de 165 contratos colectivos, aprobados mayoritariamente por la base, trabajadora hemos realizado consultas en las revisiones de contrato donde hemos logrado buenos resultados en los incrementos salariales y prestaciones\u201d, puntualiz\u00f3<\/p>\n<p>\u201cHemos estado actualiz\u00e1ndonos por indicaciones del licenciado Alejandro Rangel, l\u00edder del SITIMM, visualizando desde a\u00f1os atr\u00e1s que se ven\u00edan estos movimientos el d\u00eda de hoy tambi\u00e9n tenemos en puerta adem\u00e1s de la reforma de vacaciones que ya hubo en la ley y est\u00e1 por discutirse la reforma la reducci\u00f3n de la jornada laboral, que se qued\u00f3 pendiente de revisi\u00f3n y que posiblemente en septiembre se retome&#8221;.<\/p>\n<\/div>\n<p><script>(function(d, s, id) {\nvar js, fjs = d.getElementsByTagName(s)[0];\nif (d.getElementById(id)) return;\njs = d.createElement(s); js.id = id;\njs.src = 'https:\/\/connect.facebook.net\/es_LA\/sdk.js#xfbml=1&version=v3.2&appId=899106460676237&autoLogAppEvents=1';\nfjs.parentNode.insertBefore(js, fjs);\n}(document, 'script', 'facebook-jssdk'));\n<\/script><\/p>\n","protected":false},"excerpt":{"rendered":"<p>VILLAGR\u00c1N, Gto.- (OEM-Informex).- Luego de 3 a\u00f1os de suspensi\u00f3n, debido a la pandemia, las organizaciones cetemistas retomaron la conmemoraci\u00f3n del Dia del Trabajo con el tradicional desfile de organizaciones obreras la ma\u00f1ana de este lunes 1o. de mayo. Suscr\u00edbete a nuestra edici\u00f3n digital Participaron trabajadores de las organizaciones laborales de siete empresas que forman parte [&hellip;]<\/p>\n","protected":false},"author":2,"featured_media":9091,"comment_status":"","ping_status":"","sticky":false,"template":"","format":"standard","meta":{"_monsterinsights_skip_tracking":false,"_monsterinsights_sitenote_active":false,"_monsterinsights_sitenote_note":"","_monsterinsights_sitenote_category":0,"footnotes":""},"categories":[8],"tags":[],"class_list":["post-9090","post","type-post","status-publish","format-standard","has-post-thumbnail","hentry","category-guanajuato"],"_links":{"self":[{"href":"https:\/\/informebajio.com.mx\/index.php?rest_route=\/wp\/v2\/posts\/9090","targetHints":{"allow":["GET"]}}],"collection":[{"href":"https:\/\/informebajio.com.mx\/index.php?rest_route=\/wp\/v2\/posts"}],"about":[{"href":"https:\/\/informebajio.com.mx\/index.php?rest_route=\/wp\/v2\/types\/post"}],"author":[{"embeddable":true,"href":"https:\/\/informebajio.com.mx\/index.php?rest_route=\/wp\/v2\/users\/2"}],"replies":[{"embeddable":true,"href":"https:\/\/informebajio.com.mx\/index.php?rest_route=%2Fwp%2Fv2%2Fcomments&post=9090"}],"version-history":[{"count":0,"href":"https:\/\/informebajio.com.mx\/index.php?rest_route=\/wp\/v2\/posts\/9090\/revisions"}],"wp:featuredmedia":[{"embeddable":true,"href":"https:\/\/informebajio.com.mx\/index.php?rest_route=\/wp\/v2\/media\/9091"}],"wp:attachment":[{"href":"https:\/\/informebajio.com.mx\/index.php?rest_route=%2Fwp%2Fv2%2Fmedia&parent=9090"}],"wp:term":[{"taxonomy":"category","embeddable":true,"href":"https:\/\/informebajio.com.mx\/index.php?rest_route=%2Fwp%2Fv2%2Fcategories&post=9090"},{"taxonomy":"post_tag","embeddable":true,"href":"https:\/\/informebajio.com.mx\/index.php?rest_route=%2Fwp%2Fv2%2Ftags&post=9090"}],"curies":[{"name":"wp","href":"https:\/\/api.w.org\/{rel}","templated":true}]}}