{"id":9102,"date":"2023-05-03T23:12:17","date_gmt":"2023-05-04T04:12:17","guid":{"rendered":"https:\/\/informebajio.com.mx\/?p=9102"},"modified":"2023-05-03T23:12:17","modified_gmt":"2023-05-04T04:12:17","slug":"festejan-albaniles-acambarenses-a-la-santa-cruz","status":"publish","type":"post","link":"https:\/\/informebajio.com.mx\/?p=9102","title":{"rendered":"Festejan alba\u00f1iles acambarenses a la Santa Cruz"},"content":{"rendered":"<div id=\"content-body-5851641-10010330\">\n<p>AC\u00c1MBARO, Gto.- (OEM-Informex).- En el marco de la celebraci\u00f3n de la Santa Cruz, cientos de trabajadores de la construcci\u00f3n acudieron a la tradicional celebraci\u00f3n eucar\u00edstica del Templo de Santo Ecce Homo.<\/p>\n<p>Desde las siete de la ma\u00f1ana los trabajadores de la construcci\u00f3n empezaron a llegar al templo en compa\u00f1\u00eda de sus familias y portando cruces adornadas con vestimenta de diferentes colores, flores naturales, entre otros arreglos. <\/p>\n<p>Durante la homil\u00eda, el sacerdote refiri\u00f3 que en este d\u00eda se celebra la Cruz porque tambi\u00e9n se recuerda un hecho importante para la Iglesia, el cual fue el hallazgo de la Santa Cruz, 300 a\u00f1os despu\u00e9s de la muerte de Cristo, \u201cel d\u00eda de hoy tambi\u00e9n celebramos la exaltaci\u00f3n de la Santa Cruz\u201d.<\/p>\n<p>Dijo que \u201cuna cruz se hace con una forma vertical y con un travesa\u00f1o horizontal porque el amor brota de la cruz, Dios nos am\u00f3 tanto, su hijo nos am\u00f3 tanto que dio la vida en la cruz por eso el amor nos viene de Dios hacia los hombres, pero tambi\u00e9n nosotros que veneramos la cruz y adoramos la cruz estamos llamados a ese amor manifestado entre nosotros\u201d.<\/p>\n<p>Trabajadores de la construcci\u00f3n manifestaron que este d\u00eda dejan de trabajar para acudir a la celebraci\u00f3n eucar\u00edstica para dar gracias por el trabajo y protecci\u00f3n que reciben durante todo el a\u00f1o para luego convivir en familia.<\/p>\n<p>El alba\u00f1il Carlos Ferreira refiri\u00f3 que desde hace unos 30 a\u00f1os que inici\u00f3 este oficio de la alba\u00f1iler\u00eda comenz\u00f3 acudir a las celebraciones eucar\u00edsticas que se hacen en este templo en honor a la Santa Cruz patrona de los trabajadores de construcci\u00f3n, dijo que \u201cdesde que era muy joven comenc\u00e9 a vivir esta bonita tradici\u00f3n que me inculcaron mis t\u00edos, quienes tambi\u00e9n eran alba\u00f1iles, despu\u00e9s de la misa nos vamos a ir a nuestro lugar de trabajo para convivir\u201d.<\/p>\n<p>Por su parte, Alejandro P\u00e9rez coment\u00f3 que la celebraci\u00f3n de la Santa Cruz re\u00fane a cientos de alba\u00f1iles en este d\u00eda para dar gracias y celebrar a su santa patrona, \u201cregularmente el \u00fanico d\u00eda donde nos juntamos de esta forma es cada 3 de mayo en la celebraci\u00f3n que se hace en honor a la Santa Cruz y por nosotros, sin duda, es una de las celebraciones m\u00e1s grande a nivel nacional\u201d. <\/p>\n<p>Dentro de las celebraciones que se tienen en el Municipio, en este d\u00eda se llev\u00f3 a cabo una celebraci\u00f3n eucar\u00edstica en la reconocida pila de la Cruz, la cual fue presidida por el p\u00e1rroco Fray Javier Gordillo Arellano donde invit\u00f3 a la ciudadan\u00eda a seguir conservando esta tradici\u00f3n y a que prevalezca la fe y amor por la Santa Cruz. <\/p>\n<\/div>\n<p><script>(function(d, s, id) {\nvar js, fjs = d.getElementsByTagName(s)[0];\nif (d.getElementById(id)) return;\njs = d.createElement(s); js.id = id;\njs.src = 'https:\/\/connect.facebook.net\/es_LA\/sdk.js#xfbml=1&version=v3.2&appId=899106460676237&autoLogAppEvents=1';\nfjs.parentNode.insertBefore(js, fjs);\n}(document, 'script', 'facebook-jssdk'));\n<\/script><\/p>\n","protected":false},"excerpt":{"rendered":"<p>AC\u00c1MBARO, Gto.- (OEM-Informex).- En el marco de la celebraci\u00f3n de la Santa Cruz, cientos de trabajadores de la construcci\u00f3n acudieron a la tradicional celebraci\u00f3n eucar\u00edstica del Templo de Santo Ecce Homo. Desde las siete de la ma\u00f1ana los trabajadores de la construcci\u00f3n empezaron a llegar al templo en compa\u00f1\u00eda de sus familias y portando cruces [&hellip;]<\/p>\n","protected":false},"author":2,"featured_media":9103,"comment_status":"","ping_status":"","sticky":false,"template":"","format":"standard","meta":{"_monsterinsights_skip_tracking":false,"_monsterinsights_sitenote_active":false,"_monsterinsights_sitenote_note":"","_monsterinsights_sitenote_category":0,"footnotes":""},"categories":[8],"tags":[],"class_list":["post-9102","post","type-post","status-publish","format-standard","has-post-thumbnail","hentry","category-guanajuato"],"_links":{"self":[{"href":"https:\/\/informebajio.com.mx\/index.php?rest_route=\/wp\/v2\/posts\/9102","targetHints":{"allow":["GET"]}}],"collection":[{"href":"https:\/\/informebajio.com.mx\/index.php?rest_route=\/wp\/v2\/posts"}],"about":[{"href":"https:\/\/informebajio.com.mx\/index.php?rest_route=\/wp\/v2\/types\/post"}],"author":[{"embeddable":true,"href":"https:\/\/informebajio.com.mx\/index.php?rest_route=\/wp\/v2\/users\/2"}],"replies":[{"embeddable":true,"href":"https:\/\/informebajio.com.mx\/index.php?rest_route=%2Fwp%2Fv2%2Fcomments&post=9102"}],"version-history":[{"count":0,"href":"https:\/\/informebajio.com.mx\/index.php?rest_route=\/wp\/v2\/posts\/9102\/revisions"}],"wp:featuredmedia":[{"embeddable":true,"href":"https:\/\/informebajio.com.mx\/index.php?rest_route=\/wp\/v2\/media\/9103"}],"wp:attachment":[{"href":"https:\/\/informebajio.com.mx\/index.php?rest_route=%2Fwp%2Fv2%2Fmedia&parent=9102"}],"wp:term":[{"taxonomy":"category","embeddable":true,"href":"https:\/\/informebajio.com.mx\/index.php?rest_route=%2Fwp%2Fv2%2Fcategories&post=9102"},{"taxonomy":"post_tag","embeddable":true,"href":"https:\/\/informebajio.com.mx\/index.php?rest_route=%2Fwp%2Fv2%2Ftags&post=9102"}],"curies":[{"name":"wp","href":"https:\/\/api.w.org\/{rel}","templated":true}]}}