{"id":9104,"date":"2023-05-03T23:12:22","date_gmt":"2023-05-04T04:12:22","guid":{"rendered":"https:\/\/informebajio.com.mx\/?p=9104"},"modified":"2023-05-03T23:12:22","modified_gmt":"2023-05-04T04:12:22","slug":"sin-agua-varias-calles-del-centro-de-san-juan-del-rio","status":"publish","type":"post","link":"https:\/\/informebajio.com.mx\/?p=9104","title":{"rendered":"Sin agua varias calles del centro de San Juan del R\u00edo"},"content":{"rendered":"<div id=\"content-body-5851641-10003222\">\n<p><b>Vecinos de diferentes calles de la colonia centro de San Juan del R\u00edo<\/b> manifestaron su inconformidad derivado del <b><a rel=\"Follow noopener\" target=\"_self\" href=\"https:\/\/www.elsoldesanjuandelrio.com.mx\/local\/anuncian-cortes-de-agua-este-martes-8546019.html\">corte de agua<\/a><\/b> durante este lunes en las primeras horas, hecho que se vino a prologar generando la sorpresa de <b>decenas de familias que se abastecen del pozo que est\u00e1 en las inmediaciones del Cecuco.<\/b><\/p>\n<p>Y es que calles como Jos\u00e9 Mar\u00eda Pino Su\u00e1rez Sur, Fernando de Tapia, El Riel, 2 de Abril y la colonia conocida como \u201clas Pe\u00f1itas\u201d, <b>carecieron de l\u00edquido para abastecer sus necesidades<\/b>, esto desde que se percataron de la falta de agua desde las 07:00 horas.<\/p>\n<p><i>\u201cNo nos dio tiempo n de lavar los trates de la cena de ayer, mis hijos se van a la escuela y uno de ellos se qued\u00f3 apenas enjabonado cuando el agua comenz\u00f3 a falta, ac\u00e1 abajo por 2 de Abril se fue desde las 05:00 aqu\u00ed en mi casa fue a las siete, pero nadie avisa nada, eso s\u00ed ah\u00ed vienen los recibos ya para que los paguemos\u201d,<\/i> expuso la se\u00f1ora Elena Garc\u00eda, habitante de Pino Su\u00e1rez.<\/p>\n<p>Los quejosos mencionaron que,<b> es injusto<\/b> que haya redes sociales de la Junta de Agua Potable y Alcantarillado Municipal (JAPAM), y que no se utilicen para <b>informar debidamente sobre el desabasto del l\u00edquido o si es el caso que est\u00e9n reparando alguna tuber\u00eda<\/b>.<\/p>\n<p><i>\u201cTienen una p\u00e1gina de Facebook, mes dije a los ni\u00f1os que se fijaran si pusieron alg\u00fan aviso pero nada, y es indispensable que las personas sepamos, ahorita estamos batallando, mi vecina me regal\u00f3 media cubeta por lo menos para lavaros manos y dientes, pero no pudimos almacenar nada\u201d,<\/i> declar\u00f3 Pedro Rodr\u00edguez de la colonia El Riel. <\/p>\n<p>En este sentido, los habitantes tambi\u00e9n dijeron que, <b>en las \u00faltimas tres semanas se han quedado por varias horas sin agua entre uno y dos d\u00edas<\/b>, acci\u00f3n que les repercute para quienes comercios, ya que, como son construcciones antiguas tampoco tienen el espacio id\u00f3neo para la compra de un tinaco que almacene. <\/p>\n<p><b>\u27a1\ufe0f <\/b><a href=\"https:\/\/oem.us16.list-manage.com\/subscribe?u=c04a811ee61dc85305bf7133b&amp;id=f1b85ee5bb\"><b>Suscr\u00edbete a nuestro Newsletter y recibe las notas m\u00e1s relevantes en tu correo<\/b><\/a><\/p>\n<\/div>\n<p><script>(function(d, s, id) {\nvar js, fjs = d.getElementsByTagName(s)[0];\nif (d.getElementById(id)) return;\njs = d.createElement(s); js.id = id;\njs.src = 'https:\/\/connect.facebook.net\/es_LA\/sdk.js#xfbml=1&version=v3.2&appId=232029482016746&autoLogAppEvents=1';\nfjs.parentNode.insertBefore(js, fjs);\n}(document, 'script', 'facebook-jssdk'));\n<\/script><\/p>\n","protected":false},"excerpt":{"rendered":"<p>Vecinos de diferentes calles de la colonia centro de San Juan del R\u00edo manifestaron su inconformidad derivado del corte de agua durante este lunes en las primeras horas, hecho que se vino a prologar generando la sorpresa de decenas de familias que se abastecen del pozo que est\u00e1 en las inmediaciones del Cecuco. Y es [&hellip;]<\/p>\n","protected":false},"author":2,"featured_media":9105,"comment_status":"","ping_status":"","sticky":false,"template":"","format":"standard","meta":{"_monsterinsights_skip_tracking":false,"_monsterinsights_sitenote_active":false,"_monsterinsights_sitenote_note":"","_monsterinsights_sitenote_category":0,"footnotes":""},"categories":[6],"tags":[],"class_list":["post-9104","post","type-post","status-publish","format-standard","has-post-thumbnail","hentry","category-san-juan-del-rio"],"_links":{"self":[{"href":"https:\/\/informebajio.com.mx\/index.php?rest_route=\/wp\/v2\/posts\/9104","targetHints":{"allow":["GET"]}}],"collection":[{"href":"https:\/\/informebajio.com.mx\/index.php?rest_route=\/wp\/v2\/posts"}],"about":[{"href":"https:\/\/informebajio.com.mx\/index.php?rest_route=\/wp\/v2\/types\/post"}],"author":[{"embeddable":true,"href":"https:\/\/informebajio.com.mx\/index.php?rest_route=\/wp\/v2\/users\/2"}],"replies":[{"embeddable":true,"href":"https:\/\/informebajio.com.mx\/index.php?rest_route=%2Fwp%2Fv2%2Fcomments&post=9104"}],"version-history":[{"count":0,"href":"https:\/\/informebajio.com.mx\/index.php?rest_route=\/wp\/v2\/posts\/9104\/revisions"}],"wp:featuredmedia":[{"embeddable":true,"href":"https:\/\/informebajio.com.mx\/index.php?rest_route=\/wp\/v2\/media\/9105"}],"wp:attachment":[{"href":"https:\/\/informebajio.com.mx\/index.php?rest_route=%2Fwp%2Fv2%2Fmedia&parent=9104"}],"wp:term":[{"taxonomy":"category","embeddable":true,"href":"https:\/\/informebajio.com.mx\/index.php?rest_route=%2Fwp%2Fv2%2Fcategories&post=9104"},{"taxonomy":"post_tag","embeddable":true,"href":"https:\/\/informebajio.com.mx\/index.php?rest_route=%2Fwp%2Fv2%2Ftags&post=9104"}],"curies":[{"name":"wp","href":"https:\/\/api.w.org\/{rel}","templated":true}]}}