{"id":9116,"date":"2023-05-04T05:10:20","date_gmt":"2023-05-04T10:10:20","guid":{"rendered":"https:\/\/informebajio.com.mx\/?p=9116"},"modified":"2023-05-04T05:10:20","modified_gmt":"2023-05-04T10:10:20","slug":"tras-peticion-de-colectivos-libia-garcia-garantiza-trabajo-con-las-buscadoras","status":"publish","type":"post","link":"https:\/\/informebajio.com.mx\/?p=9116","title":{"rendered":"Tras petici\u00f3n de colectivos, Libia Garc\u00eda garantiza trabajo con las buscadoras"},"content":{"rendered":"<div id=\"content-body-5851641-10010780\">\n<p><b><i>La titular de la Secretar\u00eda de Desarrollo Social y Humano de Guanajuato, Libia Garc\u00eda Mu\u00f1oz Ledo, garantiz\u00f3 que seguir\u00e1 trabajando desde su nueva trinchera con los colectivos de b\u00fasqueda de personas desaparecidas.<\/i><\/b><\/p>\n<p>\u27a1 <u><a href=\"https:\/\/oem.pressreader.com\/el-sol-de-leon\" target=\"_blank\" rel=\"Follow noopener\"><b>Suscr\u00edbete a nuestra edici\u00f3n digital<\/b><\/a><\/u><\/p>\n<p>Asegur\u00f3 que tras una pl\u00e1tica con Bibiana Mendoza, vocera del colectivo Hasta Encontrarte, le dijo que le dar\u00e1 seguimiento al tema como lo ha hecho desde que estaba en el Congreso de Guanajuato y en la Secretar\u00eda de Gobierno.<\/p>\n<p>\u201c<b>Yo le garantizaba que desde esta petici\u00f3n voy a seguir trabajando con ellas y por ellas, ustedes saben que desde el Congreso me toc\u00f3, despu\u00e9s mi vinculaci\u00f3n con la Secretar\u00eda de Gobierno, pero desde ac\u00e1 ya estamos viendo c\u00f3mo podemos apoyar a los colectivos, particularmente desde que yo estaba en Secretar\u00eda de Gobierno les apoyamos para conformar asociaciones civiles y fundaciones, esto porque tambi\u00e9n ellas quieren generar recursos para que sus propios colectivos puedan seguir adelante con sus actividades<\/b>\u201d, dijo, <\/p>\n<p>En ese tenor, Libia Garc\u00eda explic\u00f3 que ahora desde la Secretar\u00eda de Desarrollo Social y Humanos un tema fundamental es el trabajo con las asociaciones y se les dar\u00e1 seguimiento a trav\u00e9s de capacitaciones para que puedan bajar recursos, incluso federales o internacionales para sus actividades de b\u00fasqueda adem\u00e1s, de los apoyos para la poblaci\u00f3n en situaci\u00f3n de vulnerabilidad.<\/p>\n<p>Coment\u00f3 que derivado de la informaci\u00f3n recabada con los colectivos, se sabe que Teresa Magueyal, la mujer que buscaba a su hijo Jos\u00e9 Luis Apaseo desde abril del 2020, no ten\u00eda amenazas previas a su asesinato, por lo que dijo que las medidas de seguridad deben reforzarse. <\/p>\n<p>\u201c<b>No hab\u00eda habido, seg\u00fan tengo entendido y seg\u00fan platicaba yo ayer con el propio secretario no hab\u00eda habido una amenaza anterior a esta buscadora y ya ser\u00e1 ahora la fiscal\u00eda quien d\u00e9 tambi\u00e9n luz sobre la l\u00ednea de investigaci\u00f3n que se siga al respecto, pero entendemos que pueda haber en este momento y bajo esta circunstancia temor de los colectivos y hoy estamos en comunicaci\u00f3n con ellas<\/b>\u201d, agreg\u00f3<\/p>\n<p>Coment\u00f3 que la intenci\u00f3n es seguir trabajando con ellas y donde haya una particularidad en tema de seguridad atender sus peticiones, pues conoce la realidad que est\u00e1n viviendo ya que muchas de ellas eran econ\u00f3micamente activas y tuvieron que dejar sus trabajos para salir a las b\u00fasquedas y es un derecho que ellas tienen, por lo que el estado debe coadyuvar para que tengan un ingreso adicional al de la Comisi\u00f3n Estatal de B\u00fasqueda. <\/p>\n<\/div>\n<p><script>(function(d, s, id) {\nvar js, fjs = d.getElementsByTagName(s)[0];\nif (d.getElementById(id)) return;\njs = d.createElement(s); js.id = id;\njs.src = 'https:\/\/connect.facebook.net\/es_LA\/sdk.js#xfbml=1&version=v3.2&appId=899106460676237&autoLogAppEvents=1';\nfjs.parentNode.insertBefore(js, fjs);\n}(document, 'script', 'facebook-jssdk'));\n<\/script><\/p>\n","protected":false},"excerpt":{"rendered":"<p>La titular de la Secretar\u00eda de Desarrollo Social y Humano de Guanajuato, Libia Garc\u00eda Mu\u00f1oz Ledo, garantiz\u00f3 que seguir\u00e1 trabajando desde su nueva trinchera con los colectivos de b\u00fasqueda de personas desaparecidas. \u27a1 Suscr\u00edbete a nuestra edici\u00f3n digital Asegur\u00f3 que tras una pl\u00e1tica con Bibiana Mendoza, vocera del colectivo Hasta Encontrarte, le dijo que le [&hellip;]<\/p>\n","protected":false},"author":2,"featured_media":9117,"comment_status":"","ping_status":"","sticky":false,"template":"","format":"standard","meta":{"_monsterinsights_skip_tracking":false,"_monsterinsights_sitenote_active":false,"_monsterinsights_sitenote_note":"","_monsterinsights_sitenote_category":0,"footnotes":""},"categories":[8],"tags":[],"class_list":["post-9116","post","type-post","status-publish","format-standard","has-post-thumbnail","hentry","category-guanajuato"],"_links":{"self":[{"href":"https:\/\/informebajio.com.mx\/index.php?rest_route=\/wp\/v2\/posts\/9116","targetHints":{"allow":["GET"]}}],"collection":[{"href":"https:\/\/informebajio.com.mx\/index.php?rest_route=\/wp\/v2\/posts"}],"about":[{"href":"https:\/\/informebajio.com.mx\/index.php?rest_route=\/wp\/v2\/types\/post"}],"author":[{"embeddable":true,"href":"https:\/\/informebajio.com.mx\/index.php?rest_route=\/wp\/v2\/users\/2"}],"replies":[{"embeddable":true,"href":"https:\/\/informebajio.com.mx\/index.php?rest_route=%2Fwp%2Fv2%2Fcomments&post=9116"}],"version-history":[{"count":0,"href":"https:\/\/informebajio.com.mx\/index.php?rest_route=\/wp\/v2\/posts\/9116\/revisions"}],"wp:featuredmedia":[{"embeddable":true,"href":"https:\/\/informebajio.com.mx\/index.php?rest_route=\/wp\/v2\/media\/9117"}],"wp:attachment":[{"href":"https:\/\/informebajio.com.mx\/index.php?rest_route=%2Fwp%2Fv2%2Fmedia&parent=9116"}],"wp:term":[{"taxonomy":"category","embeddable":true,"href":"https:\/\/informebajio.com.mx\/index.php?rest_route=%2Fwp%2Fv2%2Fcategories&post=9116"},{"taxonomy":"post_tag","embeddable":true,"href":"https:\/\/informebajio.com.mx\/index.php?rest_route=%2Fwp%2Fv2%2Ftags&post=9116"}],"curies":[{"name":"wp","href":"https:\/\/api.w.org\/{rel}","templated":true}]}}