{"id":9120,"date":"2023-05-04T06:23:42","date_gmt":"2023-05-04T11:23:42","guid":{"rendered":"https:\/\/informebajio.com.mx\/?p=9120"},"modified":"2023-05-04T06:23:42","modified_gmt":"2023-05-04T11:23:42","slug":"periodistas-victimas-de-abusos-foco-amarillo-en-guanajuato","status":"publish","type":"post","link":"https:\/\/informebajio.com.mx\/?p=9120","title":{"rendered":"Periodistas v\u00edctimas de abusos: foco amarillo en Guanajuato"},"content":{"rendered":"<div id=\"content-body-5851641-10006516\">\n<p><b><i>Este 3 de mayo, los periodistas conmemoran el D\u00eda Mundial de la Libertad de Prensa. Christian periodista en esta casa editorial coincide con muchos otros compa\u00f1eros del gremio, \u201cen un encuentro con la polic\u00eda se recomienda no decir que eres periodista\u201d. Apenas cinco d\u00edas atr\u00e1s, un compa\u00f1ero de esta casa editorial, se sum\u00f3 a la lista negra del abuso policiaco en Guanajuato.<\/i><\/b><\/p>\n<p>\u27a1 <u><a href=\"https:\/\/oem.pressreader.com\/el-sol-de-leon\" target=\"_blank\" rel=\"Follow noopener\"><b>Suscr\u00edbete a nuestra edici\u00f3n digital<\/b><\/a><\/u><\/p>\n<p><b>El a\u00f1o pasado 13 periodistas fueron agredidos, en 2021 los agredidos fueron 20, igual que en 2020, m\u00e1s los 9 del 2019<\/b>, el estado de Guanajuato trabaja a marchas forzadas para asegurar libertad de prensa. En los \u00faltimos cuatros a\u00f1os el Consejo Estatal de Protecci\u00f3n de Personas Defensoras de Derechos Humanos y Periodistas de Guanajuato registra 62 agresiones a compa\u00f1eros de los medios de comunicaci\u00f3n.<\/p>\n<p><b>Y en este 2023, abril cerr\u00f3 registrando un caso m\u00e1s, el del compa\u00f1ero \u00c1ngel Galindo, reportero en El Sol del Baj\u00edo que fue violentado f\u00edsicamente por elementos de la polic\u00eda municipal de Celaya<\/b>. Si bien, la agresi\u00f3n al reportero de la fuente policiaca no se dio mientras realizaba su labor, los elementos de polic\u00eda carecen de facultades, ante cualquiera que sea la situaci\u00f3n, de actuar con la fuerza del pu\u00f1o.<\/p>\n<p><b>Ya son 30 a\u00f1os desde que fue proclamado el D\u00eda Mundial de la Libertad de Prensa. <\/b>El 3 de mayo de cada a\u00f1o fue la fecha designada para recordar a los gobiernos la necesidad de respetar su compromiso con la libertad de prensa. <b>Pero en Guanajuato, al menos los seis casos de agresiones que narraremos a continuaci\u00f3n, elementos de las polic\u00edas municipales fueron se\u00f1alados como los agresores.<\/b><\/p>\n<p><b><br \/><\/b><\/p>\n<h2><b>\u00c1ngel Galindo, el m\u00e1s reciente<\/b><\/h2>\n<p>La noche del viernes 28 de abril, el reportero de El Sol de Baj\u00edo, \u00c1ngel Galindo fue agredido por los polic\u00edas municipales, durante una revisi\u00f3n. Este martes se le confirm\u00f3 fractura en una costilla, esguince cervical y diversas contusiones en el cuerpo. El uso de fuerza hacia el compa\u00f1ero se habr\u00eda prolongado por al menos dos horas que dur\u00f3 la detenci\u00f3n. El compa\u00f1ero present\u00f3 la denuncia correspondiente. Este martes la Secretar\u00eda de Seguridad Ciudadana de Celaya, inform\u00f3 que los tres elementos involucrados en la agresi\u00f3n se encuentran suspendidos de labores y ser\u00e1n sometidos a investigaci\u00f3n por el departamento de Honor y Justicia.<\/p>\n<h2><b>Fernanda Gardu\u00f1o<\/b><\/h2>\n<p>En la manifestaci\u00f3n feminista del 2 de mayo del a\u00f1o pasado, la compa\u00f1era Fernanda Gardu\u00f1o, reportera en El Sol de Irapuato, fue agredida mientras cubr\u00eda la marcha. Su c\u00e1mara tambi\u00e9n le fue destruida en manos de polic\u00edas municipales, misma que a un a\u00f1o del hecho solo que el recuerdo de la promesa de repuesto de su elemento de trabajo.<\/p>\n<p>Fernanda interpuso una denuncia, misma que nunca mostr\u00f3 avances. Ese d\u00eda 30 mujeres m\u00e1s fueron detenidas y liberadas a las pocas horas. D\u00edas despu\u00e9s el director de la Secretar\u00eda de Seguridad de Irapuato en turno, fue removido del cargo por indicaciones de la alcaldesa Lorena Alfaro.<\/p>\n<h2><b>Ian Mart\u00ednez<\/b><\/h2>\n<p>El 18 de noviembre de 2021, el compa\u00f1ero Ian Mart\u00ednez, reportero del Peri\u00f3dico Correo y del Portal P\u00e1gina Central, fue detenido por elementos de la polic\u00eda municipal mientras daba seguimiento al desalojo de un predio en Jardines de Capellan\u00eda en Le\u00f3n.<\/p>\n<p>El compa\u00f1ero fue detenido injustificadamente pues el desalojo hab\u00eda sido ordenado por un juez, luego de que el due\u00f1o evidencio que esas tierras eran de su propiedad. Sin embargo, los polic\u00edas municipales procedieron a detener al compa\u00f1ero cuando se dieron cuenta que tomaba fotograf\u00edas del desalojo.<\/p>\n<p>El hecho \u00fanicamente amerit\u00f3 que el secretario de Seguridad P\u00fablica, Mario Bravo ofreciera disculpas a Mart\u00ednez.<\/p>\n<h2><b>Christian Rend\u00f3n<\/b><\/h2>\n<p>En septiembre de 2019, el compa\u00f1ero de El Sol de Le\u00f3n, fue golpeado luego de pasarse un sem\u00e1foro en rojo. Por el alto \u00edndice de inseguridad que presenta la calle Antill\u00f3n en la colonia Obrera y por ser de noche, Christian decidi\u00f3 pasarse el sem\u00e1foro con cuidado. Viajaba a bordo de su motocicleta cuando fue abordado por tres patrullas que le cerraron el paso.<\/p>\n<p>Cuando lo bajaron para la revisi\u00f3n de rutina y tras ser cuestionado sobre su profesi\u00f3n el tono de la pl\u00e1tica se transform\u00f3 en agresiones f\u00edsicas. Debido a los golpes se le dificult\u00f3 caminar por algunas semanas. A Christian nunca le informaron si hubo avances en su caso, a pesar de que los elementos agresores fueron plenamente identificados.<\/p>\n<h2><b>Compa\u00f1eros de \u00c1gora<\/b><\/h2>\n<p>En agosto de 2022, dos reporteros de \u00c1gora fueron golpeados por elementos de la polic\u00eda municipal de Celaya mientras cubr\u00edan un bloqueo en la carretera a Comonfort. El ataque de tres polic\u00edas, fue grabado por los mismos comunicadores.<\/p>\n<p>Apenas el 1 de abril de este a\u00f1o, el secretario de Seguridad P\u00fablica, Jes\u00fas Rivera ley\u00f3 una disculpa a las v\u00edctimas en atenci\u00f3n a una recomendaci\u00f3n de la Procuradur\u00eda de los Derechos Humanos de Guanajuato.<\/p>\n<p>Si bien la cifra hist\u00f3rica es de 62 agresiones, el Estado tambi\u00e9n contabiliza dos periodistas muertos, Israel Vel\u00e1zquez reportero del Salmantino en Salamanca y Ernesto M\u00e9ndez, director del medio local \u201cT\u00fa Voz\u201d, en San Luis de la Paz. A Ismael lo mataron por la espalda cuando cubr\u00eda el abandono de un cuerpo y a Ernesto lo mataron luego de que no accedi\u00f3 a una extorsi\u00f3n. La libertad de prensa en Guanajuato tiene los focos amarillos encendidos.<\/p>\n<\/div>\n<p><script>(function(d, s, id) {\nvar js, fjs = d.getElementsByTagName(s)[0];\nif (d.getElementById(id)) return;\njs = d.createElement(s); js.id = id;\njs.src = 'https:\/\/connect.facebook.net\/es_LA\/sdk.js#xfbml=1&version=v3.2&appId=899106460676237&autoLogAppEvents=1';\nfjs.parentNode.insertBefore(js, fjs);\n}(document, 'script', 'facebook-jssdk'));\n<\/script><\/p>\n","protected":false},"excerpt":{"rendered":"<p>Este 3 de mayo, los periodistas conmemoran el D\u00eda Mundial de la Libertad de Prensa. Christian periodista en esta casa editorial coincide con muchos otros compa\u00f1eros del gremio, \u201cen un encuentro con la polic\u00eda se recomienda no decir que eres periodista\u201d. Apenas cinco d\u00edas atr\u00e1s, un compa\u00f1ero de esta casa editorial, se sum\u00f3 a la [&hellip;]<\/p>\n","protected":false},"author":2,"featured_media":9121,"comment_status":"","ping_status":"","sticky":false,"template":"","format":"standard","meta":{"_monsterinsights_skip_tracking":false,"_monsterinsights_sitenote_active":false,"_monsterinsights_sitenote_note":"","_monsterinsights_sitenote_category":0,"footnotes":""},"categories":[8],"tags":[],"class_list":["post-9120","post","type-post","status-publish","format-standard","has-post-thumbnail","hentry","category-guanajuato"],"_links":{"self":[{"href":"https:\/\/informebajio.com.mx\/index.php?rest_route=\/wp\/v2\/posts\/9120","targetHints":{"allow":["GET"]}}],"collection":[{"href":"https:\/\/informebajio.com.mx\/index.php?rest_route=\/wp\/v2\/posts"}],"about":[{"href":"https:\/\/informebajio.com.mx\/index.php?rest_route=\/wp\/v2\/types\/post"}],"author":[{"embeddable":true,"href":"https:\/\/informebajio.com.mx\/index.php?rest_route=\/wp\/v2\/users\/2"}],"replies":[{"embeddable":true,"href":"https:\/\/informebajio.com.mx\/index.php?rest_route=%2Fwp%2Fv2%2Fcomments&post=9120"}],"version-history":[{"count":0,"href":"https:\/\/informebajio.com.mx\/index.php?rest_route=\/wp\/v2\/posts\/9120\/revisions"}],"wp:featuredmedia":[{"embeddable":true,"href":"https:\/\/informebajio.com.mx\/index.php?rest_route=\/wp\/v2\/media\/9121"}],"wp:attachment":[{"href":"https:\/\/informebajio.com.mx\/index.php?rest_route=%2Fwp%2Fv2%2Fmedia&parent=9120"}],"wp:term":[{"taxonomy":"category","embeddable":true,"href":"https:\/\/informebajio.com.mx\/index.php?rest_route=%2Fwp%2Fv2%2Fcategories&post=9120"},{"taxonomy":"post_tag","embeddable":true,"href":"https:\/\/informebajio.com.mx\/index.php?rest_route=%2Fwp%2Fv2%2Ftags&post=9120"}],"curies":[{"name":"wp","href":"https:\/\/api.w.org\/{rel}","templated":true}]}}