{"id":9128,"date":"2023-05-04T07:44:11","date_gmt":"2023-05-04T12:44:11","guid":{"rendered":"https:\/\/informebajio.com.mx\/?p=9128"},"modified":"2023-05-04T07:44:11","modified_gmt":"2023-05-04T12:44:11","slug":"habra-campana-intensiva-de-vacunacion","status":"publish","type":"post","link":"https:\/\/informebajio.com.mx\/?p=9128","title":{"rendered":"Habr\u00e1 campa\u00f1a intensiva de vacunaci\u00f3n"},"content":{"rendered":"<div id=\"content-body-5851641-9996306\">\n<p><b>CELAYA, Gto.-<\/b> Con la finalidad de fortalecer la cobertura de vacunaci\u00f3n de ni\u00f1os y ni\u00f1as menores de 9 a\u00f1os, se tendr\u00e1 una nueva campa\u00f1a intensiva de vacunaci\u00f3n para todas las unidades de salud de la Jurisdicci\u00f3n Sanitaria III del dos de mayo al dos de junio.<\/p>\n<p><b><a href=\"http:\/\/oem.pressreader.com\/el-sol-de-bajio\" target=\"_self\" rel=\"Follow noopener\">\u27a1\ufe0fSuscr\u00edbete a nuestra edici\u00f3n digital<\/a><\/b><\/p>\n<p>Jos\u00e9 Manuel Lara supervisor del programa de vacunaci\u00f3n universal inform\u00f3 que esta campa\u00f1a forma parte de la estrategia que lleva a cabo la organizaci\u00f3n Panamericana de la Salud, con el fin de evitar que se generen brotes de enfermedades que se han prevenido durante mucho tiempo por la vacunaci\u00f3n.<\/p>\n<p>\u201cAhorita la organizaci\u00f3n Panamericana de la Salud, tiene una campa\u00f1a que es \u201cCampa\u00f1a de vacunaci\u00f3n de las Am\u00e9ricas\u201d y que va enfocada en reconquistar los esquemas que en su momento a nivel internacional se dejaron de aplicar\u201d, explic\u00f3 el supervisor.<\/p>\n<p>Por lo tanto del dos de mayo al dos de junio la Jurisdicci\u00f3n Sanitaria N\u00famero III llevar\u00e1 a cabo una campa\u00f1a intensiva de vacunaci\u00f3n para ni\u00f1os y ni\u00f1as de cero a nueve a\u00f1os, en la que se tiene el prop\u00f3sito de rescatar los esquemas que tienen rezago en la aplicaci\u00f3n de alg\u00fan ant\u00edgeno.<\/p>\n<p>Guadalupe Campos R\u00edos responsable jurisdiccional del Componente de Vacunaci\u00f3n Universal, La campa\u00f1a se llevar\u00e1 a cabo del dos de mayo al dos de junio en las 89 unidades de salud de la Jurisdicci\u00f3n Sanitaria N\u00famero III, as\u00ed como el Hospital Materno y el Hospital General de Celaya, a trav\u00e9s de brigadas de vacunaci\u00f3n y la instalaci\u00f3n de m\u00f3dulos en lugares estrat\u00e9gicos de los ocho municipios jurisdiccionales. <\/p>\n<p>\u201cPor eso es que la Jurisdicci\u00f3n Sanitaria se da a la tarea de integrarse a esta campa\u00f1a intensiva que se llevar\u00e1 a cabo durante un mes, que son las de nacimiento y la anti hepatitis, posteriormente un ni\u00f1o tiene que llevar un esquema a los 2, 4,6, 18 meses y a los 4 y 6 a\u00f1os contra rotavirus que son cuadros diarreicos muy severos, adem\u00e1s la hexavalente, neumoc\u00f3cica y sus refuerzos (RSP) actualmente todos los ni\u00f1os que nacieron a partir del 2022 recibir\u00e1n su esquema al a\u00f1o y a los 18 meses en caso de que el ni\u00f1o no reciba la vacuna su esquema se modifica al a\u00f1o y a los seis a\u00f1os \u201d, <\/p>\n<p>Asimismo, se contar\u00e1 con todos los biol\u00f3gicos del esquema b\u00e1sico para menores de cero a nueve a\u00f1os de edad, as\u00ed como ant\u00edgenos para adultos j\u00f3venes y mayores.<\/p>\n<p>Finaliz\u00f3 Guadalupe Campos que es muy importante que las embarazadas desde la semana 20 acudan a recibir su protecci\u00f3n y a su vez tengan la protecci\u00f3n capullo, para que la embarazada trasmita estas protecciones especificas a su beb\u00e9.<\/p>\n<\/div>\n<p><script>(function(d, s, id) {\nvar js, fjs = d.getElementsByTagName(s)[0];\nif (d.getElementById(id)) return;\njs = d.createElement(s); js.id = id;\njs.src = 'https:\/\/connect.facebook.net\/es_LA\/sdk.js#xfbml=1&version=v3.2&appId=899106460676237&autoLogAppEvents=1';\nfjs.parentNode.insertBefore(js, fjs);\n}(document, 'script', 'facebook-jssdk'));\n<\/script><\/p>\n","protected":false},"excerpt":{"rendered":"<p>CELAYA, Gto.- Con la finalidad de fortalecer la cobertura de vacunaci\u00f3n de ni\u00f1os y ni\u00f1as menores de 9 a\u00f1os, se tendr\u00e1 una nueva campa\u00f1a intensiva de vacunaci\u00f3n para todas las unidades de salud de la Jurisdicci\u00f3n Sanitaria III del dos de mayo al dos de junio. \u27a1\ufe0fSuscr\u00edbete a nuestra edici\u00f3n digital Jos\u00e9 Manuel Lara supervisor [&hellip;]<\/p>\n","protected":false},"author":2,"featured_media":9129,"comment_status":"","ping_status":"","sticky":false,"template":"","format":"standard","meta":{"_monsterinsights_skip_tracking":false,"_monsterinsights_sitenote_active":false,"_monsterinsights_sitenote_note":"","_monsterinsights_sitenote_category":0,"footnotes":""},"categories":[8],"tags":[],"class_list":["post-9128","post","type-post","status-publish","format-standard","has-post-thumbnail","hentry","category-guanajuato"],"_links":{"self":[{"href":"https:\/\/informebajio.com.mx\/index.php?rest_route=\/wp\/v2\/posts\/9128","targetHints":{"allow":["GET"]}}],"collection":[{"href":"https:\/\/informebajio.com.mx\/index.php?rest_route=\/wp\/v2\/posts"}],"about":[{"href":"https:\/\/informebajio.com.mx\/index.php?rest_route=\/wp\/v2\/types\/post"}],"author":[{"embeddable":true,"href":"https:\/\/informebajio.com.mx\/index.php?rest_route=\/wp\/v2\/users\/2"}],"replies":[{"embeddable":true,"href":"https:\/\/informebajio.com.mx\/index.php?rest_route=%2Fwp%2Fv2%2Fcomments&post=9128"}],"version-history":[{"count":0,"href":"https:\/\/informebajio.com.mx\/index.php?rest_route=\/wp\/v2\/posts\/9128\/revisions"}],"wp:featuredmedia":[{"embeddable":true,"href":"https:\/\/informebajio.com.mx\/index.php?rest_route=\/wp\/v2\/media\/9129"}],"wp:attachment":[{"href":"https:\/\/informebajio.com.mx\/index.php?rest_route=%2Fwp%2Fv2%2Fmedia&parent=9128"}],"wp:term":[{"taxonomy":"category","embeddable":true,"href":"https:\/\/informebajio.com.mx\/index.php?rest_route=%2Fwp%2Fv2%2Fcategories&post=9128"},{"taxonomy":"post_tag","embeddable":true,"href":"https:\/\/informebajio.com.mx\/index.php?rest_route=%2Fwp%2Fv2%2Ftags&post=9128"}],"curies":[{"name":"wp","href":"https:\/\/api.w.org\/{rel}","templated":true}]}}