{"id":9134,"date":"2023-05-04T09:55:42","date_gmt":"2023-05-04T14:55:42","guid":{"rendered":"https:\/\/informebajio.com.mx\/?p=9134"},"modified":"2023-05-04T09:55:42","modified_gmt":"2023-05-04T14:55:42","slug":"ambientalistas-lanzan-pintura-a-la-fundacion-louis-vuitton-en-francia","status":"publish","type":"post","link":"https:\/\/informebajio.com.mx\/?p=9134","title":{"rendered":"Ambientalistas lanzan pintura a la Fundaci\u00f3n Louis Vuitton en Francia"},"content":{"rendered":"<div id=\"article-content-tts\">\n<div id=\"content_nitf\">\n<p><em>Par\u00eds.<\/em> La fachada de la Fundaci\u00f3n Louis Vuitton en Par\u00eds, un museo de arte, fue cubierta de pintura este lunes, dijo la organizaci\u00f3n ambientalista Extinction Rebellion y otro grupo ecologista roci\u00f3 el Ministerio de Justicia, ubicado en la plaza Vend\u00f4me.<\/p>\n<p>En un v\u00eddeo publicado en Twitter por el periodista independiente Clement Lanot, se ve un grupo de activistas rociando con pintura naranja y rosa el museo privado, que este lunes est\u00e1 cerrado.<\/p>\n<p>Los activistas de Extinction Rebellion lanzaron la pintura sobre las fachadas de cristal usando &#8220;extintores&#8221; y &#8220;bombas de pintura&#8221; fabricadas con &#8220;peque\u00f1os globos&#8221;, explic\u00f3 a AFP un portavoz de la organizaci\u00f3n.<\/p>\n<p>El grupo dijo que con esta operaci\u00f3n busca criticar al grupo de LVMH, al que pertenece Louis Vuitton, ya que lo acusa de &#8220;optimizaci\u00f3n fiscal&#8221;, una pr\u00e1ctica para pagar menos impuestos.<\/p>\n<p>&#8220;En este contexto social en el que hay franceses que renuncian a una comida al d\u00eda por la inflaci\u00f3n, la salud de los grandes grupos es indecente&#8221;, justific\u00f3 el portavoz de los ambientalistas.<\/p>\n<p>El vocero a\u00f1adi\u00f3 que &#8220;las reivindicaciones salariales y sociales de los sindicatos&#8221; cuentan con todo su apoyo, en referencia a la manifestaci\u00f3n del 1 de mayo este lunes en Par\u00eds por el D\u00eda Internacional de los Trabajadores.<\/p>\n<p>La Fundaci\u00f3n Louis Vuitton es uno de los museos m\u00e1s concurridos de Par\u00eds y actualmente exhibe la exposici\u00f3n &#8220;Basquiat x Warhol, a cuatro manos&#8221;.<\/p>\n<p>Por su parte el grupo ecologista Derni\u00e8re R\u00e9novation (\u00daltima Renovaci\u00f3n) lanz\u00f3 pintura en la fachada del Ministerio de Justicia en la Plaza Vend\u00f4me, inform\u00f3 esta organizaci\u00f3n en un comunicado.<\/p>\n<p>En esta plaza, que es conocida por sus joyer\u00edas de lujo, est\u00e1 el hotel Ritz, que fue blanco de los globos con pintura lanzados por los activistas.<\/p>\n<\/div>\n<\/div>\n<p><script>\n      !function(f,b,e,v,n,t,s)\n      {if(f.fbq)return;n=f.fbq=function(){n.callMethod?\n      n.callMethod.apply(n,arguments):n.queue.push(arguments)};\n      if(!f._fbq)f._fbq=n;n.push=n;n.loaded=!0;n.version='2.0';\n      n.queue=[];t=b.createElement(e);t.async=!0;\n      t.src=v;s=b.getElementsByTagName(e)[0];\n      s.parentNode.insertBefore(t,s)}(window, document,'script',\n      'https:\/\/connect.facebook.net\/en_US\/fbevents.js');\n      fbq('init', '133913093805922');\n      fbq('track', 'PageView');\n      fbq('track', 'Contact');\n      fbq('track', 'Donate');\n      fbq('track', 'FindLocation');\n      fbq('track', 'Lead');\n      fbq('track', 'Search');\n      fbq('track', 'Subscribe', {value: '0.00', currency: 'MXN', predicted_ltv: '0.00'});\n      fbq('track', 'ViewContent');\n    <\/script><script type=\"text\/javascript\">(function(d, s, id) {\n\t  var js, fjs = d.getElementsByTagName(s)[0];\n\t  if (d.getElementById(id)) return;\n\t  js = d.createElement(s); js.id = id;\n\t  js.src = \"\/\/connect.facebook.net\/es_LA\/sdk.js#xfbml=1&amp;version=v3.3&amp;appId=774389309362880\";\n\t  fjs.parentNode.insertBefore(js, fjs);\n\t}(document, 'script', 'facebook-jssdk'));<\/script><\/p>\n","protected":false},"excerpt":{"rendered":"<p>Par\u00eds. La fachada de la Fundaci\u00f3n Louis Vuitton en Par\u00eds, un museo de arte, fue cubierta de pintura este lunes, dijo la organizaci\u00f3n ambientalista Extinction Rebellion y otro grupo ecologista roci\u00f3 el Ministerio de Justicia, ubicado en la plaza Vend\u00f4me. En un v\u00eddeo publicado en Twitter por el periodista independiente Clement Lanot, se ve un [&hellip;]<\/p>\n","protected":false},"author":2,"featured_media":9135,"comment_status":"","ping_status":"","sticky":false,"template":"","format":"standard","meta":{"_monsterinsights_skip_tracking":false,"_monsterinsights_sitenote_active":false,"_monsterinsights_sitenote_note":"","_monsterinsights_sitenote_category":0,"footnotes":""},"categories":[9],"tags":[],"class_list":["post-9134","post","type-post","status-publish","format-standard","has-post-thumbnail","hentry","category-deportes"],"_links":{"self":[{"href":"https:\/\/informebajio.com.mx\/index.php?rest_route=\/wp\/v2\/posts\/9134","targetHints":{"allow":["GET"]}}],"collection":[{"href":"https:\/\/informebajio.com.mx\/index.php?rest_route=\/wp\/v2\/posts"}],"about":[{"href":"https:\/\/informebajio.com.mx\/index.php?rest_route=\/wp\/v2\/types\/post"}],"author":[{"embeddable":true,"href":"https:\/\/informebajio.com.mx\/index.php?rest_route=\/wp\/v2\/users\/2"}],"replies":[{"embeddable":true,"href":"https:\/\/informebajio.com.mx\/index.php?rest_route=%2Fwp%2Fv2%2Fcomments&post=9134"}],"version-history":[{"count":0,"href":"https:\/\/informebajio.com.mx\/index.php?rest_route=\/wp\/v2\/posts\/9134\/revisions"}],"wp:featuredmedia":[{"embeddable":true,"href":"https:\/\/informebajio.com.mx\/index.php?rest_route=\/wp\/v2\/media\/9135"}],"wp:attachment":[{"href":"https:\/\/informebajio.com.mx\/index.php?rest_route=%2Fwp%2Fv2%2Fmedia&parent=9134"}],"wp:term":[{"taxonomy":"category","embeddable":true,"href":"https:\/\/informebajio.com.mx\/index.php?rest_route=%2Fwp%2Fv2%2Fcategories&post=9134"},{"taxonomy":"post_tag","embeddable":true,"href":"https:\/\/informebajio.com.mx\/index.php?rest_route=%2Fwp%2Fv2%2Ftags&post=9134"}],"curies":[{"name":"wp","href":"https:\/\/api.w.org\/{rel}","templated":true}]}}