{"id":9138,"date":"2023-05-04T10:07:11","date_gmt":"2023-05-04T15:07:11","guid":{"rendered":"https:\/\/informebajio.com.mx\/?p=9138"},"modified":"2023-05-04T10:07:11","modified_gmt":"2023-05-04T15:07:11","slug":"realizan-la-bajada-de-la-virgen-de-la-luz-en-salvatierra","status":"publish","type":"post","link":"https:\/\/informebajio.com.mx\/?p=9138","title":{"rendered":"Realizan la bajada de la Virgen de la Luz en Salvatierra"},"content":{"rendered":"<div id=\"content-body-5851641-10005055\">\n<p>SALVATIERRA, Gto.- (OEM-Informex).- Decenas de feligreses, tanto de Salvatierra como de otros municipios, incluso de otros estados, estuvieron presentes en el santuario diocesano para presenciar la bajada de la imagen de la virgen de la luz, con lo que se da inicio con sus festejos, peregrinaciones y actividades eclesi\u00e1sticas.<\/p>\n<p>Con la presencia del se\u00f1or cura Rogelio Rivera Pi\u00f1a, se realiz\u00f3 la bajada de la imagen de la patrona de Salvatierra, La Virgen de La Luz en el Santuario Diocesano, donde se dieron cita decenas de fieles devotos.<\/p>\n<p>Asistieron peregrinos de Salvatierra y sus comunidades, as\u00ed como personas de Puebla, Quer\u00e9taro, Ciudad de M\u00e9xico y Estados Unidos para presenciar el momento en que la imagen es bajada de su atrio.<\/p>\n<p>La se\u00f1ora San Juana Rangel realiz\u00f3 un donativo a nombre de su familia, obsequiando a la Virgen un manto, el cual fue bendecido por el Cura Rogelio Rivera \u201cEste obsequio lo entregamos con amor y fe, para que sigas protegiendo a todo el pueblo de Salvatierra\u201d, dijo la se\u00f1ora San Juana.<\/p>\n<p>Posteriormente se realiz\u00f3 un recorrido con la imagen peregrina por las calles principales de la ciudad, saliendo de la parroquia hacia la calle Ju\u00e1rez, dando vuelta en la calle Santos Degollados para subir por Hidalgo hasta Guillermo Prieto, bajando nuevamente por Ju\u00e1rez hasta el Santuario Diocesano.<\/p>\n<p>Se inform\u00f3 que durante el d\u00eda 2 de mayo, la imagen estar\u00eda todo el d\u00eda pie de piso para que los creyentes puedan tocar el manto que viste a la imagen, mientras que el d\u00eda 3 se recibir\u00e1n a los trabajadores de la construcci\u00f3n para realizar la bendici\u00f3n de cruces.<\/p>\n<p>Para el d\u00eda 24 de mayo se llevar\u00e1 a cabo una celebraci\u00f3n eucar\u00edstica en celebraci\u00f3n del aniversario 84 de la coronaci\u00f3n de nuestra madre Sant\u00edsima de La Luz recordando a las personas que participaron en el a\u00f1o de 1939.<\/p>\n<p>El se\u00f1or cura inform\u00f3 que el d\u00eda 1 de junio en punto de las 06:00 horas se cantar\u00e1n las ma\u00f1anitas a la Virgen de La Luz, mientras que durante todo el mes de mayo habr\u00e1 rezo del rosario, celebraciones eucar\u00edsticas, recepci\u00f3n de peregrinos y actividades eclesi\u00e1sticas.<\/p>\n<\/div>\n<p><script>(function(d, s, id) {\nvar js, fjs = d.getElementsByTagName(s)[0];\nif (d.getElementById(id)) return;\njs = d.createElement(s); js.id = id;\njs.src = 'https:\/\/connect.facebook.net\/es_LA\/sdk.js#xfbml=1&version=v3.2&appId=899106460676237&autoLogAppEvents=1';\nfjs.parentNode.insertBefore(js, fjs);\n}(document, 'script', 'facebook-jssdk'));\n<\/script><\/p>\n","protected":false},"excerpt":{"rendered":"<p>SALVATIERRA, Gto.- (OEM-Informex).- Decenas de feligreses, tanto de Salvatierra como de otros municipios, incluso de otros estados, estuvieron presentes en el santuario diocesano para presenciar la bajada de la imagen de la virgen de la luz, con lo que se da inicio con sus festejos, peregrinaciones y actividades eclesi\u00e1sticas. Con la presencia del se\u00f1or cura [&hellip;]<\/p>\n","protected":false},"author":2,"featured_media":9139,"comment_status":"","ping_status":"","sticky":false,"template":"","format":"standard","meta":{"_monsterinsights_skip_tracking":false,"_monsterinsights_sitenote_active":false,"_monsterinsights_sitenote_note":"","_monsterinsights_sitenote_category":0,"footnotes":""},"categories":[8],"tags":[],"class_list":["post-9138","post","type-post","status-publish","format-standard","has-post-thumbnail","hentry","category-guanajuato"],"_links":{"self":[{"href":"https:\/\/informebajio.com.mx\/index.php?rest_route=\/wp\/v2\/posts\/9138","targetHints":{"allow":["GET"]}}],"collection":[{"href":"https:\/\/informebajio.com.mx\/index.php?rest_route=\/wp\/v2\/posts"}],"about":[{"href":"https:\/\/informebajio.com.mx\/index.php?rest_route=\/wp\/v2\/types\/post"}],"author":[{"embeddable":true,"href":"https:\/\/informebajio.com.mx\/index.php?rest_route=\/wp\/v2\/users\/2"}],"replies":[{"embeddable":true,"href":"https:\/\/informebajio.com.mx\/index.php?rest_route=%2Fwp%2Fv2%2Fcomments&post=9138"}],"version-history":[{"count":0,"href":"https:\/\/informebajio.com.mx\/index.php?rest_route=\/wp\/v2\/posts\/9138\/revisions"}],"wp:featuredmedia":[{"embeddable":true,"href":"https:\/\/informebajio.com.mx\/index.php?rest_route=\/wp\/v2\/media\/9139"}],"wp:attachment":[{"href":"https:\/\/informebajio.com.mx\/index.php?rest_route=%2Fwp%2Fv2%2Fmedia&parent=9138"}],"wp:term":[{"taxonomy":"category","embeddable":true,"href":"https:\/\/informebajio.com.mx\/index.php?rest_route=%2Fwp%2Fv2%2Fcategories&post=9138"},{"taxonomy":"post_tag","embeddable":true,"href":"https:\/\/informebajio.com.mx\/index.php?rest_route=%2Fwp%2Fv2%2Ftags&post=9138"}],"curies":[{"name":"wp","href":"https:\/\/api.w.org\/{rel}","templated":true}]}}