{"id":9140,"date":"2023-05-04T10:38:57","date_gmt":"2023-05-04T15:38:57","guid":{"rendered":"https:\/\/informebajio.com.mx\/?p=9140"},"modified":"2023-05-04T10:38:57","modified_gmt":"2023-05-04T15:38:57","slug":"se-va-ombudsman-dejara-el-cargo-en-proximas-semanas","status":"publish","type":"post","link":"https:\/\/informebajio.com.mx\/?p=9140","title":{"rendered":"Se va ombudsman, dejar\u00e1 el cargo en pr\u00f3ximas semanas"},"content":{"rendered":"<div id=\"content-body-5851641-10010670\">\n<p><b>CELAYA, Gto. (OEM-Informex).-<\/b> El coordinador de los <b>Derechos Humanos del Municipio, Hugo<\/b> <b>Ricardez Godoy,<\/b> <b>dejar\u00e1 ese cargo en pr\u00f3ximas semanas,<\/b> as\u00ed lo confirm\u00f3 el secretario del <b>Ayuntamiento, Jorge G\u00e1mez Campos.<\/b><\/p>\n<p><b><a href=\"http:\/\/oem.pressreader.com\/el-sol-de-bajio\" target=\"_self\" rel=\"Follow noopener\">\u27a1\ufe0fSuscr\u00edbete a nuestra edici\u00f3n digital<\/a><\/b><\/p>\n<p>La salida de <b>Hugo Ricardez Godoy,<\/b> es debido a que <b>recibi\u00f3 una oferta de trabajo<\/b> por parte del <b>gobierno del estado,<\/b> y ya se est\u00e1n analizando <b>dos perfiles<\/b> para ocupar la <b>Coordinaci\u00f3n de los Derechos Humanos del Municipio, una mujer y un hombre,<\/b> as\u00ed lo explic\u00f3 el secretario del <b>Ayuntamiento.<\/b><\/p>\n<p>Por lo anterior, ya se trabaja para que <b>Ricardez Godoy,<\/b> deje en orden todos los asuntos pendientes que se est\u00e1n atendiendo y los retome la nueva o nuevo coordinador.<\/p>\n<p>Se lleg\u00f3 al acuerdo para que se lleve un proceso adecuado de elecci\u00f3n de la o del Coordinador de los <b>Derechos Humanos del Municipio,<\/b> muy adecuado para que <b>Hugo Ricardez<\/b> deje el cargo.<\/p>\n<p>Cabe mencionar que fue el 23 noviembre de 2021 cuando se aprob\u00f3 la creaci\u00f3n de la <b>Coordinaci\u00f3n de Derechos Humanos,<\/b> en comisiones conjuntas de <b>Recursos Humanos y Servicio<\/b> <b>Civil de Carrera<\/b> con la de <b>Derechos Humanos.<\/b> Ese mismo d\u00eda fue nombrado <b>Hugo Ricardez Godoy,<\/b> como el coordinador.<\/p>\n<\/div>\n<p><script>(function(d, s, id) {\nvar js, fjs = d.getElementsByTagName(s)[0];\nif (d.getElementById(id)) return;\njs = d.createElement(s); js.id = id;\njs.src = 'https:\/\/connect.facebook.net\/es_LA\/sdk.js#xfbml=1&version=v3.2&appId=899106460676237&autoLogAppEvents=1';\nfjs.parentNode.insertBefore(js, fjs);\n}(document, 'script', 'facebook-jssdk'));\n<\/script><\/p>\n","protected":false},"excerpt":{"rendered":"<p>CELAYA, Gto. (OEM-Informex).- El coordinador de los Derechos Humanos del Municipio, Hugo Ricardez Godoy, dejar\u00e1 ese cargo en pr\u00f3ximas semanas, as\u00ed lo confirm\u00f3 el secretario del Ayuntamiento, Jorge G\u00e1mez Campos. \u27a1\ufe0fSuscr\u00edbete a nuestra edici\u00f3n digital La salida de Hugo Ricardez Godoy, es debido a que recibi\u00f3 una oferta de trabajo por parte del gobierno del [&hellip;]<\/p>\n","protected":false},"author":2,"featured_media":9141,"comment_status":"","ping_status":"","sticky":false,"template":"","format":"standard","meta":{"_monsterinsights_skip_tracking":false,"_monsterinsights_sitenote_active":false,"_monsterinsights_sitenote_note":"","_monsterinsights_sitenote_category":0,"footnotes":""},"categories":[8],"tags":[],"class_list":["post-9140","post","type-post","status-publish","format-standard","has-post-thumbnail","hentry","category-guanajuato"],"_links":{"self":[{"href":"https:\/\/informebajio.com.mx\/index.php?rest_route=\/wp\/v2\/posts\/9140","targetHints":{"allow":["GET"]}}],"collection":[{"href":"https:\/\/informebajio.com.mx\/index.php?rest_route=\/wp\/v2\/posts"}],"about":[{"href":"https:\/\/informebajio.com.mx\/index.php?rest_route=\/wp\/v2\/types\/post"}],"author":[{"embeddable":true,"href":"https:\/\/informebajio.com.mx\/index.php?rest_route=\/wp\/v2\/users\/2"}],"replies":[{"embeddable":true,"href":"https:\/\/informebajio.com.mx\/index.php?rest_route=%2Fwp%2Fv2%2Fcomments&post=9140"}],"version-history":[{"count":0,"href":"https:\/\/informebajio.com.mx\/index.php?rest_route=\/wp\/v2\/posts\/9140\/revisions"}],"wp:featuredmedia":[{"embeddable":true,"href":"https:\/\/informebajio.com.mx\/index.php?rest_route=\/wp\/v2\/media\/9141"}],"wp:attachment":[{"href":"https:\/\/informebajio.com.mx\/index.php?rest_route=%2Fwp%2Fv2%2Fmedia&parent=9140"}],"wp:term":[{"taxonomy":"category","embeddable":true,"href":"https:\/\/informebajio.com.mx\/index.php?rest_route=%2Fwp%2Fv2%2Fcategories&post=9140"},{"taxonomy":"post_tag","embeddable":true,"href":"https:\/\/informebajio.com.mx\/index.php?rest_route=%2Fwp%2Fv2%2Ftags&post=9140"}],"curies":[{"name":"wp","href":"https:\/\/api.w.org\/{rel}","templated":true}]}}