{"id":9154,"date":"2023-05-04T11:57:16","date_gmt":"2023-05-04T16:57:16","guid":{"rendered":"https:\/\/informebajio.com.mx\/?p=9154"},"modified":"2023-05-04T11:57:16","modified_gmt":"2023-05-04T16:57:16","slug":"ordenan-detencion-de-activista-y-ex-guerrillero-en-guatemala","status":"publish","type":"post","link":"https:\/\/informebajio.com.mx\/?p=9154","title":{"rendered":"Ordenan detenci\u00f3n de activista y ex guerrillero en Guatemala"},"content":{"rendered":"<div>\n<p>La Fiscal\u00eda acusa a Gustavo Meo\u00f1o de haber participado en la colocaci\u00f3n de una bomba en la plaza central de Guatemala.<\/p>\n<p>(La Jornada)<\/p>\n<p>Ciudad de Guatemala.\u00a0Un juez guatemalteco orden\u00f3 el mi\u00e9rcoles la detenci\u00f3n de Gustavo Meo\u00f1o, un activista de derechos humanos y exguerrillero, que dirigi\u00f3 por varios a\u00f1os un archivo hist\u00f3rico de la polic\u00eda guatemalteca, que document\u00f3 miles de violaciones a los derechos humanos.\u00a0<\/p>\n<p>La Fiscal\u00eda le acusa de haber participado en la colocaci\u00f3n de una bomba en la plaza central de la capital que, al detonar, dej\u00f3 varios muertos y heridos en 1980.<\/p>\n<p>El Ministerio P\u00fablico confirm\u00f3 la decisi\u00f3n del juez y dijo que Meo\u00f1o ten\u00eda programada una audiencia de primera declaraci\u00f3n pero que no se present\u00f3 y no justific\u00f3 su ausencia.<\/p>\n<div class=\"wp-block-image\">\n<figure class=\"aligncenter size-full\"><img loading=\"lazy\" decoding=\"async\" width=\"745\" height=\"465\" alt=\"\" srcset=\"https:\/\/laroja.com.mx\/wp-content\/uploads\/2023\/05\/image-21.png 745w, https:\/\/laroja.com.mx\/wp-content\/uploads\/2023\/05\/image-21-600x374.png 600w, https:\/\/laroja.com.mx\/wp-content\/uploads\/2023\/05\/image-21-150x94.png 150w\" src=\"https:\/\/laroja.com.mx\/wp-content\/uploads\/2023\/05\/image-21.png\" data-sizes=\"(max-width: 745px) 100vw, 745px\" class=\"wp-image-145530 lazyload\" bad-src=\"data:image\/gif;base64,R0lGODlhAQABAAAAACH5BAEKAAEALAAAAAABAAEAAAICTAEAOw==\"\/><noscript><img loading=\"lazy\" decoding=\"async\" width=\"745\" height=\"465\" src=\"https:\/\/laroja.com.mx\/wp-content\/uploads\/2023\/05\/image-21.png\" alt=\"\" class=\"wp-image-145530\" srcset=\"https:\/\/laroja.com.mx\/wp-content\/uploads\/2023\/05\/image-21.png 745w, https:\/\/laroja.com.mx\/wp-content\/uploads\/2023\/05\/image-21-600x374.png 600w, https:\/\/laroja.com.mx\/wp-content\/uploads\/2023\/05\/image-21-150x94.png 150w\" sizes=\"auto, (max-width: 745px) 100vw, 745px\"\/><\/noscript><figcaption class=\"wp-element-caption\">Foto: Facebook (La Jornada)<\/figcaption><\/figure>\n<\/div><\/div>\n<p><\/p>\n","protected":false},"excerpt":{"rendered":"<p>La Fiscal\u00eda acusa a Gustavo Meo\u00f1o de haber participado en la colocaci\u00f3n de una bomba en la plaza central de Guatemala. (La Jornada) Ciudad de Guatemala.\u00a0Un juez guatemalteco orden\u00f3 el mi\u00e9rcoles la detenci\u00f3n de Gustavo Meo\u00f1o, un activista de derechos humanos y exguerrillero, que dirigi\u00f3 por varios a\u00f1os un archivo hist\u00f3rico de la polic\u00eda guatemalteca, [&hellip;]<\/p>\n","protected":false},"author":2,"featured_media":9155,"comment_status":"","ping_status":"","sticky":false,"template":"","format":"standard","meta":{"_monsterinsights_skip_tracking":false,"_monsterinsights_sitenote_active":false,"_monsterinsights_sitenote_note":"","_monsterinsights_sitenote_category":0,"footnotes":""},"categories":[5],"tags":[],"class_list":["post-9154","post","type-post","status-publish","format-standard","has-post-thumbnail","hentry","category-san-luis-potosi"],"_links":{"self":[{"href":"https:\/\/informebajio.com.mx\/index.php?rest_route=\/wp\/v2\/posts\/9154","targetHints":{"allow":["GET"]}}],"collection":[{"href":"https:\/\/informebajio.com.mx\/index.php?rest_route=\/wp\/v2\/posts"}],"about":[{"href":"https:\/\/informebajio.com.mx\/index.php?rest_route=\/wp\/v2\/types\/post"}],"author":[{"embeddable":true,"href":"https:\/\/informebajio.com.mx\/index.php?rest_route=\/wp\/v2\/users\/2"}],"replies":[{"embeddable":true,"href":"https:\/\/informebajio.com.mx\/index.php?rest_route=%2Fwp%2Fv2%2Fcomments&post=9154"}],"version-history":[{"count":0,"href":"https:\/\/informebajio.com.mx\/index.php?rest_route=\/wp\/v2\/posts\/9154\/revisions"}],"wp:featuredmedia":[{"embeddable":true,"href":"https:\/\/informebajio.com.mx\/index.php?rest_route=\/wp\/v2\/media\/9155"}],"wp:attachment":[{"href":"https:\/\/informebajio.com.mx\/index.php?rest_route=%2Fwp%2Fv2%2Fmedia&parent=9154"}],"wp:term":[{"taxonomy":"category","embeddable":true,"href":"https:\/\/informebajio.com.mx\/index.php?rest_route=%2Fwp%2Fv2%2Fcategories&post=9154"},{"taxonomy":"post_tag","embeddable":true,"href":"https:\/\/informebajio.com.mx\/index.php?rest_route=%2Fwp%2Fv2%2Ftags&post=9154"}],"curies":[{"name":"wp","href":"https:\/\/api.w.org\/{rel}","templated":true}]}}