{"id":9158,"date":"2023-05-04T12:25:09","date_gmt":"2023-05-04T17:25:09","guid":{"rendered":"https:\/\/informebajio.com.mx\/?p=9158"},"modified":"2023-05-04T12:25:09","modified_gmt":"2023-05-04T17:25:09","slug":"celaya-amanece-con-mala-calidad-del-aire","status":"publish","type":"post","link":"https:\/\/informebajio.com.mx\/?p=9158","title":{"rendered":"Celaya amanece con mala calidad del aire"},"content":{"rendered":"<div id=\"content-body-5851641-10008977\">\n<p><b>CELAYA, Gto.- (OEM-Informex).- Celaya amanece con mala calidad del aire derivado al incendio de la zona cerril ubicada en los l\u00edmites de los municipios de Tarimoro y Apaseo el Alto, as\u00ed lo inform\u00f3 la Direcci\u00f3n General de Medio Ambiente, de este municipio.<\/b><\/p>\n<p><b><a href=\"http:\/\/oem.pressreader.com\/el-sol-de-bajio\" target=\"_self\" rel=\"Follow noopener\">Suscr\u00edbete a nuestra edici\u00f3n digital<\/a><\/b><\/p>\n<p>Este mi\u00e9rcoles por la ma\u00f1ana varias calles, colonias y avenidas de la ciudad amanecieron con bastante humo, incluso algunos ciudadanos en redes sociales reportaron la poca visibilidad para manejar; aunado a esto la Direcci\u00f3n General de Medio Ambiente a trav\u00e9s de un comunicado de prensa en su p\u00e1gina oficial, se\u00f1al\u00f3 que este humo es derivado al incendio en zona cerril que se encuentra entre los municipios de Tarimoro y Apaseo el Alto.<\/p>\n<p>Dicho incendio lleva activo desde hace tres d\u00edas, y es el segundo incendio suscitado en esa misma zona en menos de 15 d\u00edas, cabe se\u00f1alar que derivado a las r\u00e1fagas de viento que se suscitaron por la madrugada de este mi\u00e9rcoles fue que el humo lleg\u00f3 hasta las calles de la ciudad, cubriendo por completo las mismas.<\/p>\n<p>Ante este hecho el director de la Direcci\u00f3n General de Medio Ambiente, el Ingeniero Gast\u00f3n Manuel Pe\u00f1a Maldonado emito algunas recomendaciones para el cuidado de la ciudadan\u00eda, como evitar en la medida de lo posible o reducir el uso de veh\u00edculo de motor.<\/p>\n<p>Evitar realizar actividades al aire libre y el uso de cubrebocas.<\/p>\n<p>Asimismo, se espera que en las pr\u00f3ximas horas las condiciones clim\u00e1ticas sean favorables para que la calidad del aire mejore, adem\u00e1s se realiz\u00f3 el llamado a la poblaci\u00f3n para en caso de presentar alg\u00fan s\u00edntoma como dolor de cabeza o ardor en los ojos, estar al pendiente y en caso de persistir, acudir al m\u00e9dico para su atenci\u00f3n.<\/p>\n<p>Finalmente es de se\u00f1alar que cuerpos de emergencia de aquellos municipios no han podido acceder a la zona del incendio, por las condiciones del lugar por ello se solicit\u00f3 el apoyo a la CONAFOR, Ej\u00e9rcito Mexicano, entre otros para poder sofocar el incendio, por el momento solo se est\u00e1 monitoreando para evitar alg\u00fan riesgo.<\/p>\n<\/div>\n<p><script>(function(d, s, id) {\nvar js, fjs = d.getElementsByTagName(s)[0];\nif (d.getElementById(id)) return;\njs = d.createElement(s); js.id = id;\njs.src = 'https:\/\/connect.facebook.net\/es_LA\/sdk.js#xfbml=1&version=v3.2&appId=899106460676237&autoLogAppEvents=1';\nfjs.parentNode.insertBefore(js, fjs);\n}(document, 'script', 'facebook-jssdk'));\n<\/script><\/p>\n","protected":false},"excerpt":{"rendered":"<p>CELAYA, Gto.- (OEM-Informex).- Celaya amanece con mala calidad del aire derivado al incendio de la zona cerril ubicada en los l\u00edmites de los municipios de Tarimoro y Apaseo el Alto, as\u00ed lo inform\u00f3 la Direcci\u00f3n General de Medio Ambiente, de este municipio. Suscr\u00edbete a nuestra edici\u00f3n digital Este mi\u00e9rcoles por la ma\u00f1ana varias calles, colonias [&hellip;]<\/p>\n","protected":false},"author":2,"featured_media":9159,"comment_status":"","ping_status":"","sticky":false,"template":"","format":"standard","meta":{"_monsterinsights_skip_tracking":false,"_monsterinsights_sitenote_active":false,"_monsterinsights_sitenote_note":"","_monsterinsights_sitenote_category":0,"footnotes":""},"categories":[8],"tags":[],"class_list":["post-9158","post","type-post","status-publish","format-standard","has-post-thumbnail","hentry","category-guanajuato"],"_links":{"self":[{"href":"https:\/\/informebajio.com.mx\/index.php?rest_route=\/wp\/v2\/posts\/9158","targetHints":{"allow":["GET"]}}],"collection":[{"href":"https:\/\/informebajio.com.mx\/index.php?rest_route=\/wp\/v2\/posts"}],"about":[{"href":"https:\/\/informebajio.com.mx\/index.php?rest_route=\/wp\/v2\/types\/post"}],"author":[{"embeddable":true,"href":"https:\/\/informebajio.com.mx\/index.php?rest_route=\/wp\/v2\/users\/2"}],"replies":[{"embeddable":true,"href":"https:\/\/informebajio.com.mx\/index.php?rest_route=%2Fwp%2Fv2%2Fcomments&post=9158"}],"version-history":[{"count":0,"href":"https:\/\/informebajio.com.mx\/index.php?rest_route=\/wp\/v2\/posts\/9158\/revisions"}],"wp:featuredmedia":[{"embeddable":true,"href":"https:\/\/informebajio.com.mx\/index.php?rest_route=\/wp\/v2\/media\/9159"}],"wp:attachment":[{"href":"https:\/\/informebajio.com.mx\/index.php?rest_route=%2Fwp%2Fv2%2Fmedia&parent=9158"}],"wp:term":[{"taxonomy":"category","embeddable":true,"href":"https:\/\/informebajio.com.mx\/index.php?rest_route=%2Fwp%2Fv2%2Fcategories&post=9158"},{"taxonomy":"post_tag","embeddable":true,"href":"https:\/\/informebajio.com.mx\/index.php?rest_route=%2Fwp%2Fv2%2Ftags&post=9158"}],"curies":[{"name":"wp","href":"https:\/\/api.w.org\/{rel}","templated":true}]}}