{"id":9162,"date":"2023-05-04T13:14:03","date_gmt":"2023-05-04T18:14:03","guid":{"rendered":"https:\/\/informebajio.com.mx\/?p=9162"},"modified":"2023-05-04T13:14:03","modified_gmt":"2023-05-04T18:14:03","slug":"realizaran-cambios-en-gabinete-de-apaseo-el-alto","status":"publish","type":"post","link":"https:\/\/informebajio.com.mx\/?p=9162","title":{"rendered":"Realizar\u00e1n cambios en gabinete de Apaseo el Alto"},"content":{"rendered":"<div id=\"content-body-5851641-10011944\">\n<p><b>APASEO EL ALTO, Gto. (OEM-Informex).-<\/b> A casi <b>dos a\u00f1os de su gobierno,<\/b> la alcaldesa <b>Monserrat Mendoza<\/b> dio a conocer que <b>habr\u00e1 cambios en su gabinete,<\/b> en los titulares de algunas \u00e1reas clave.<\/p>\n<p><b><a href=\"http:\/\/oem.pressreader.com\/el-sol-de-bajio\" target=\"_self\" rel=\"Follow noopener\">\u27a1\ufe0fSuscr\u00edbete a nuestra edici\u00f3n digital<\/a><\/b><\/p>\n<p>La alcaldesa aunque no dio mayor detalle como fechas y \u00e1reas exactas donde se har\u00e1 gran movimiento, mencion\u00f3 que habr\u00e1 cambios pronto en \u00e1reas <b>muy sensibles <\/b>para el municipio que necesitan dar un extra, y que en cuanto sean los tiempos adecuados dar\u00e1n a conocer los reajustes que har\u00e1 en su gabinete.<\/p>\n<p><b>&#8220;Los cambios ya vienen, est\u00e1n m\u00e1s cerca, y ser\u00e1n principalmente en \u00e1reas sensibles e importantes para la administraci\u00f3n, porque necesitamos dar un extra en el trabajo que se est\u00e1 desempe\u00f1ando&#8221;,<\/b> coment\u00f3.<\/p>\n<p>En lo que va de la administraci\u00f3n, <b>no se hab\u00eda hecho alg\u00fan cambio en los titulares de las direcciones, <\/b>aunque hace algunas semanas dio a conocer que podr\u00edan ser cambios de coordinaciones o hasta de titulares, siendo este uno de los mayores movimientos dentro de la administraci\u00f3n.<\/p>\n<p>Cabe destacar que en d\u00edas pasados tambi\u00e9n el <b>alcalde panista de Apaseo el<\/b> <b>Grande, Jos\u00e9 Luis Oliveros<\/b> al cuestionarle sobre cambios en su gabinete, aunque no dio detalles no descarta la posibilidad de cambios, mencionando que en el momento que se requieran se har\u00e1 lo prudente.<\/p>\n<\/div>\n<p><script>(function(d, s, id) {\nvar js, fjs = d.getElementsByTagName(s)[0];\nif (d.getElementById(id)) return;\njs = d.createElement(s); js.id = id;\njs.src = 'https:\/\/connect.facebook.net\/es_LA\/sdk.js#xfbml=1&version=v3.2&appId=899106460676237&autoLogAppEvents=1';\nfjs.parentNode.insertBefore(js, fjs);\n}(document, 'script', 'facebook-jssdk'));\n<\/script><\/p>\n","protected":false},"excerpt":{"rendered":"<p>APASEO EL ALTO, Gto. (OEM-Informex).- A casi dos a\u00f1os de su gobierno, la alcaldesa Monserrat Mendoza dio a conocer que habr\u00e1 cambios en su gabinete, en los titulares de algunas \u00e1reas clave. \u27a1\ufe0fSuscr\u00edbete a nuestra edici\u00f3n digital La alcaldesa aunque no dio mayor detalle como fechas y \u00e1reas exactas donde se har\u00e1 gran movimiento, mencion\u00f3 [&hellip;]<\/p>\n","protected":false},"author":2,"featured_media":9163,"comment_status":"","ping_status":"","sticky":false,"template":"","format":"standard","meta":{"_monsterinsights_skip_tracking":false,"_monsterinsights_sitenote_active":false,"_monsterinsights_sitenote_note":"","_monsterinsights_sitenote_category":0,"footnotes":""},"categories":[8],"tags":[],"class_list":["post-9162","post","type-post","status-publish","format-standard","has-post-thumbnail","hentry","category-guanajuato"],"_links":{"self":[{"href":"https:\/\/informebajio.com.mx\/index.php?rest_route=\/wp\/v2\/posts\/9162","targetHints":{"allow":["GET"]}}],"collection":[{"href":"https:\/\/informebajio.com.mx\/index.php?rest_route=\/wp\/v2\/posts"}],"about":[{"href":"https:\/\/informebajio.com.mx\/index.php?rest_route=\/wp\/v2\/types\/post"}],"author":[{"embeddable":true,"href":"https:\/\/informebajio.com.mx\/index.php?rest_route=\/wp\/v2\/users\/2"}],"replies":[{"embeddable":true,"href":"https:\/\/informebajio.com.mx\/index.php?rest_route=%2Fwp%2Fv2%2Fcomments&post=9162"}],"version-history":[{"count":0,"href":"https:\/\/informebajio.com.mx\/index.php?rest_route=\/wp\/v2\/posts\/9162\/revisions"}],"wp:featuredmedia":[{"embeddable":true,"href":"https:\/\/informebajio.com.mx\/index.php?rest_route=\/wp\/v2\/media\/9163"}],"wp:attachment":[{"href":"https:\/\/informebajio.com.mx\/index.php?rest_route=%2Fwp%2Fv2%2Fmedia&parent=9162"}],"wp:term":[{"taxonomy":"category","embeddable":true,"href":"https:\/\/informebajio.com.mx\/index.php?rest_route=%2Fwp%2Fv2%2Fcategories&post=9162"},{"taxonomy":"post_tag","embeddable":true,"href":"https:\/\/informebajio.com.mx\/index.php?rest_route=%2Fwp%2Fv2%2Ftags&post=9162"}],"curies":[{"name":"wp","href":"https:\/\/api.w.org\/{rel}","templated":true}]}}