{"id":9166,"date":"2023-05-04T14:58:26","date_gmt":"2023-05-04T19:58:26","guid":{"rendered":"https:\/\/informebajio.com.mx\/?p=9166"},"modified":"2023-05-04T14:58:26","modified_gmt":"2023-05-04T19:58:26","slug":"gobierno-municipal-apoya-a-periodista-brutalmente-golpeado-hugo-ricardez-godoy","status":"publish","type":"post","link":"https:\/\/informebajio.com.mx\/?p=9166","title":{"rendered":"Gobierno Municipal apoya a periodista brutalmente golpeado: Hugo Ricardez Godoy"},"content":{"rendered":"<div id=\"content-body-5851641-10005161\">\n<p><b>CELAYA, Gto. (OEM-Informex).- Hugo Ricardez Godoy,<\/b> coordinador de los <b>Derechos Humanos del<\/b> <b>Municipio,<\/b> se\u00f1al\u00f3 que el <b>gobierno municipal brind\u00f3 el apoyo para la atenci\u00f3n m\u00e9dica del periodista \u00c1ngel Galindo,<\/b> quien fue <b>brutalmente golpeado<\/b> por <b>elementos de la Polic\u00eda Municipal<\/b> el viernes pasado. Adem\u00e1s, el funcionario municipal dijo que <b>Celaya,<\/b> <b>no cuenta con el Protocolo Municipal de Protecci\u00f3n a Periodistas y Defensores de los Derechos Humanos.<\/b><\/p>\n<p><b><a href=\"http:\/\/oem.pressreader.com\/el-sol-de-bajio\" target=\"_self\" rel=\"Follow noopener\">\u27a1\ufe0fSuscr\u00edbete a nuestra edici\u00f3n digital<\/a><\/b><\/p>\n<p>Sobre el caso, <b>Ricardez Godoy<\/b> explic\u00f3 que desde la noche del pasado viernes, d\u00eda que ocurrieron los hechos, por instrucciones del <b>Secretario T\u00e9cnico del Mecanismo de Protecci\u00f3n a Periodistas y Defensores de los Derechos Humanos, le dio instrucciones para activar los protocolos de protecci\u00f3n.<\/b><\/p>\n<p><b>Te puede interesar:<\/b> <b><a href=\"https:\/\/www.elsoldelbajio.com.mx\/local\/abren-convocatoria-para-concurso-de-mamas-conciencia-10000350.html\" target=\"_blank\" rel=\"Follow noopener\">Abren convocatoria para concurso de mam\u00e1s ConCiencia<\/a><\/b><\/p>\n<p>Pero fue hasta la tarde del s\u00e1bado que la coordinaci\u00f3n de los <b>Derechos Humanos<\/b> del municipio, tuvo acercamiento con <b>\u00c1ngel,<\/b> a quien <b>se le brind\u00f3 atenci\u00f3n m\u00e9dica en una cl\u00ednica particular<\/b> el domingo, en donde se determin\u00f3 que <b>el periodista s\u00ed cuenta con fractura de una costilla del lado derecho, as\u00ed como lesiones en las cervicales.<\/b><\/p>\n<p>El funcionario municipal dijo que, dentro de los <b>protocolos<\/b> se le brinda protecci\u00f3n al afectado por la autoridad estatal o a trav\u00e9s de los <b>convenios<\/b> que se tienen firmados con la federaci\u00f3n, para que el agraviado est\u00e9 a salvo.<\/p>\n<p>En cuanto a lo municipal, mencion\u00f3 que el mismo s\u00e1bado, la <b>Secretar\u00eda de Seguridad<\/b> inici\u00f3 su investigaci\u00f3n interna; <b>\u201ctodas las autoridades tienen la obligaci\u00f3n de salvaguardar los derechos humanos y brindar la protecci\u00f3n a los periodistas; es muy, muy importante tener este mecanismo municipal\u201d.<\/b><\/p>\n<p>El Coordinador de los <b>Derechos Humanos<\/b> mencion\u00f3 que, entre lo que le compete, le dar\u00e1 seguimiento a la denuncia ante la <b>Fiscal\u00eda General del Estado (FGE)<\/b> y la <b>Procuradur\u00eda de los<\/b> <b>Derechos Humanos,<\/b> a esta situaci\u00f3n que no debe de ocurrir y <b>la administraci\u00f3n municipal est\u00e1 comprometida con los periodistas y los defensores de los derechos humanos.<\/b><\/p>\n<p><b>Ricardez Godoy<\/b> recalc\u00f3 que se debe de trabajar muy directamente con la Secretar\u00eda de Seguridad Ciudadana a cargo de <b>Jes\u00fas Ignacio Rivera Peralta,<\/b> debido a que apenas hace <b>unas semanas acaba de dar una disculpa p\u00fablica por abuso de autoridad a otros periodistas,<\/b> y ahora se vuelva a dar otro caso en contra de otro, por parte de elementos de <b>Seguridad P\u00fablica Municipal.<\/b><\/p>\n<p><b>\u201cTenemos una gran \u00e1rea de oportunidad y sobre todo para evitar este tipo de situaciones se tiene que trabajar muy a fondo. Hace apenas una semana estuvimos trabajando el protocolo municipal de atenci\u00f3n y Protecci\u00f3n a Periodistas y Defensores de los Derechos Humanos, debido a que fue una instrucci\u00f3n del mecanismo estatal para que en julio ya est\u00e9 listo, se tiene que seguir trabajando para que todos los protocolos de actuaci\u00f3n se atiendan\u201d,<\/b> finaliz\u00f3 <b>Hugo Ricardez.<\/b><\/p>\n<\/div>\n<p><script>(function(d, s, id) {\nvar js, fjs = d.getElementsByTagName(s)[0];\nif (d.getElementById(id)) return;\njs = d.createElement(s); js.id = id;\njs.src = 'https:\/\/connect.facebook.net\/es_LA\/sdk.js#xfbml=1&version=v3.2&appId=899106460676237&autoLogAppEvents=1';\nfjs.parentNode.insertBefore(js, fjs);\n}(document, 'script', 'facebook-jssdk'));\n<\/script><\/p>\n","protected":false},"excerpt":{"rendered":"<p>CELAYA, Gto. (OEM-Informex).- Hugo Ricardez Godoy, coordinador de los Derechos Humanos del Municipio, se\u00f1al\u00f3 que el gobierno municipal brind\u00f3 el apoyo para la atenci\u00f3n m\u00e9dica del periodista \u00c1ngel Galindo, quien fue brutalmente golpeado por elementos de la Polic\u00eda Municipal el viernes pasado. Adem\u00e1s, el funcionario municipal dijo que Celaya, no cuenta con el Protocolo Municipal [&hellip;]<\/p>\n","protected":false},"author":2,"featured_media":9167,"comment_status":"","ping_status":"","sticky":false,"template":"","format":"standard","meta":{"_monsterinsights_skip_tracking":false,"_monsterinsights_sitenote_active":false,"_monsterinsights_sitenote_note":"","_monsterinsights_sitenote_category":0,"footnotes":""},"categories":[8],"tags":[],"class_list":["post-9166","post","type-post","status-publish","format-standard","has-post-thumbnail","hentry","category-guanajuato"],"_links":{"self":[{"href":"https:\/\/informebajio.com.mx\/index.php?rest_route=\/wp\/v2\/posts\/9166","targetHints":{"allow":["GET"]}}],"collection":[{"href":"https:\/\/informebajio.com.mx\/index.php?rest_route=\/wp\/v2\/posts"}],"about":[{"href":"https:\/\/informebajio.com.mx\/index.php?rest_route=\/wp\/v2\/types\/post"}],"author":[{"embeddable":true,"href":"https:\/\/informebajio.com.mx\/index.php?rest_route=\/wp\/v2\/users\/2"}],"replies":[{"embeddable":true,"href":"https:\/\/informebajio.com.mx\/index.php?rest_route=%2Fwp%2Fv2%2Fcomments&post=9166"}],"version-history":[{"count":0,"href":"https:\/\/informebajio.com.mx\/index.php?rest_route=\/wp\/v2\/posts\/9166\/revisions"}],"wp:featuredmedia":[{"embeddable":true,"href":"https:\/\/informebajio.com.mx\/index.php?rest_route=\/wp\/v2\/media\/9167"}],"wp:attachment":[{"href":"https:\/\/informebajio.com.mx\/index.php?rest_route=%2Fwp%2Fv2%2Fmedia&parent=9166"}],"wp:term":[{"taxonomy":"category","embeddable":true,"href":"https:\/\/informebajio.com.mx\/index.php?rest_route=%2Fwp%2Fv2%2Fcategories&post=9166"},{"taxonomy":"post_tag","embeddable":true,"href":"https:\/\/informebajio.com.mx\/index.php?rest_route=%2Fwp%2Fv2%2Ftags&post=9166"}],"curies":[{"name":"wp","href":"https:\/\/api.w.org\/{rel}","templated":true}]}}