{"id":9168,"date":"2023-05-04T15:12:00","date_gmt":"2023-05-04T20:12:00","guid":{"rendered":"https:\/\/informebajio.com.mx\/?p=9168"},"modified":"2023-05-04T15:12:00","modified_gmt":"2023-05-04T20:12:00","slug":"reliquias-de-san-charbel-llegan-celaya","status":"publish","type":"post","link":"https:\/\/informebajio.com.mx\/?p=9168","title":{"rendered":"Reliquias de San Ch\u00e1rbel llegan Celaya"},"content":{"rendered":"<div id=\"content-body-5851641-10011815\">\n<p>CELAYA, Gto.- (OEM-Informex).- Las <b>reliquias de San Ch\u00e1rbe<\/b>l estuvieron en la Di\u00f3cesis de Celaya del 30 de abril al 2 de mayo, siendo las principales peticiones de los fieles: <b>recuperar la paz, <\/b>la salud, resolver los problemas cotidianos y, sobre todo, que quienes han sufrido a causa de la violencia encuentren consuelo; la peregrinaci\u00f3n de las <b>reliquias del santo liban\u00e9s<\/b> se lleva a cabo en toda la rep\u00fablica mexicana con motivo al bicentenario de su natalicio a <b>celebrarse en 2027 <\/b>y los 50 a\u00f1os de su canonizaci\u00f3n a <b>conmemorarse en 2028<\/b>.<\/p>\n<p>Las reliquias que se encuentran recorriendo el pa\u00eds por m\u00e1s de dos meses, pertenecen a los tres grados, es decir, las reliquias de primer grado son dos peque\u00f1os <b>huesos de la rodilla<\/b>, las reliquias de segundo grado son la estola que utiliz\u00f3 para la confesi\u00f3n y la capucha que es parte de su vestimenta de monje <b>maronitas en el L\u00edbano<\/b>, mientras que la reliquia de tercer grado es el cintur\u00f3n que fue <b>tocado en su tumba. <\/b><\/p>\n<p>Las reliquias llegaron el 30 de abril de la Di\u00f3cesis de Quer\u00e9taro a la <b>Di\u00f3cesis de Celaya<\/b> arribando primero a la ciudad de Apaseo el Grande, justo en la entrada donde se encuentra el monumento a la <b>Virgen de Guadalupe<\/b>, con la intenci\u00f3n de pedir por la paz y la reconciliaci\u00f3n.<\/p>\n<p>Tambi\u00e9n fueron llevadas a la Casa del Migrante <b>\u201cEl Buen Samaritano\u201d<\/b>, con el objetivo de pedir por todos los migrantes de M\u00e9xico, Centroam\u00e9rica, Suram\u00e9rica y, finalmente, fueron trasladadas a la <b>Casa del Buen Pastor,<\/b> donde se quedaron toda la noche.<\/p>\n<p>El 1 de mayo, las reliquias visitaron el asilo de la <b>Casa de Reposo &#8220;La Residencia&#8221;<\/b>, con el prop\u00f3sito de pedir por los que sufren de soledad, la vejez y el abandono; posteriormente, fueron llevadas al <b>Hospital Materno Infantil<\/b> y despu\u00e9s a la Parroquia de San Miguel Arc\u00e1ngel.<\/p>\n<p>Posteriormente, fueron llevadas a la Catedral, donde el <b>padre Rafael Pati\u00f1o <\/b>Ahumada, vicario de la Iglesia Catedral, inform\u00f3 que el objetivo de la visita fue hacer llegar la <b>presencia de Dios<\/b> a aquellos que est\u00e1n pasando por momentos de dificultad. Agradeci\u00f3 a todos los que hicieron posible el <b>encuentro de la gente<\/b> con las reliquias y dio gracia a las personas por la gran respuesta que tuvieron, ya que estuvo llena de <b>fe y devoci\u00f3n. <\/b><\/p>\n<p>Tambi\u00e9n mencion\u00f3 que, dentro de las actividades, se hizo el r<b>ecibimiento de las reliquias, <\/b>despu\u00e9s se rez\u00f3 la coronilla de la misericordia, el rosario por los enfermos, <b>por las vocaciones<\/b>, se hizo oraci\u00f3n por los que sufren y se llev\u00f3 a cabo la sagrada eucarist\u00eda presidida y concelebrada por el padre<b> Jos\u00e9 de Jes\u00fas Palacios<\/b> Torres, p\u00e1rroco de Catedral y el presb\u00edtero Jonathan \u00c1ngeles Valencia, encargado de la peregrinaci\u00f3n.<\/p>\n<p>Siendo este \u00faltimo quien en su mensaje inform\u00f3 que las reliquias de <b>San Ch\u00e1rbel <\/b>comenzaron su recorrido por el sur del pa\u00eds y el centro, por lo que, la <b>Di\u00f3cesis de Celaya<\/b> es la di\u00f3cesis n\u00famero 25 que recorre, posteriormente, continuar\u00e1 con su peregrinar hacia el norte de la <b>rep\u00fablica mexicana. <\/b><\/p>\n<p>Jonathan Valencia destac\u00f3 que en este peregrinar han escuchado el <b>clamor de la paz<\/b> y la justicia. Tambi\u00e9n se ha pedido la intercesi\u00f3n del santo por las familias que han sido v\u00edctimas y que han tenido <b>p\u00e9rdidas a causa de la violencia<\/b>, por aquellas que sufren a <b>causa de la enfermedad<\/b>, por los problemas de la cotidianidad, entre otras cosas. <\/p>\n<p>Exhort\u00f3 a todos a unirse para pedir, de manera especial, <b>\u201cla paz que viene de Dios<\/b>, la paz que debe nacer desde el coraz\u00f3n de cada uno, la paz que se requiere para las familias, para la <b>sociedad y para el pa\u00eds\u201d.<\/b><\/p>\n<p>Posteriormente, el 2 de mayo, las<b> reliquias salieron de la Catedral <\/b>para dirigirse al Templo de San Agust\u00edn, con la finalidad de pedir por la expiaci\u00f3n de quienes han ca\u00eddo, por la paz y la <b>reconciliaci\u00f3n de Celaya<\/b>. Tambi\u00e9n se rez\u00f3 el rosario, se veneraron las reliquias y se llev\u00f3 a cabo la eucarist\u00eda. <\/p>\n<p>Al finalizar, las reliquias fueron <b>trasladadas al Cereso<\/b>, donde se celebr\u00f3 la misa con los reos, con el objetivo de pedir por su conversi\u00f3n y su liberaci\u00f3n espiritual. Al concluir, las reliquias fueron trasladadas a la <b>Di\u00f3cesis de Irapuato. <\/b><\/p>\n<\/div>\n<p><script>(function(d, s, id) {\nvar js, fjs = d.getElementsByTagName(s)[0];\nif (d.getElementById(id)) return;\njs = d.createElement(s); js.id = id;\njs.src = 'https:\/\/connect.facebook.net\/es_LA\/sdk.js#xfbml=1&version=v3.2&appId=899106460676237&autoLogAppEvents=1';\nfjs.parentNode.insertBefore(js, fjs);\n}(document, 'script', 'facebook-jssdk'));\n<\/script><\/p>\n","protected":false},"excerpt":{"rendered":"<p>CELAYA, Gto.- (OEM-Informex).- Las reliquias de San Ch\u00e1rbel estuvieron en la Di\u00f3cesis de Celaya del 30 de abril al 2 de mayo, siendo las principales peticiones de los fieles: recuperar la paz, la salud, resolver los problemas cotidianos y, sobre todo, que quienes han sufrido a causa de la violencia encuentren consuelo; la peregrinaci\u00f3n de [&hellip;]<\/p>\n","protected":false},"author":2,"featured_media":9169,"comment_status":"","ping_status":"","sticky":false,"template":"","format":"standard","meta":{"_monsterinsights_skip_tracking":false,"_monsterinsights_sitenote_active":false,"_monsterinsights_sitenote_note":"","_monsterinsights_sitenote_category":0,"footnotes":""},"categories":[8],"tags":[],"class_list":["post-9168","post","type-post","status-publish","format-standard","has-post-thumbnail","hentry","category-guanajuato"],"_links":{"self":[{"href":"https:\/\/informebajio.com.mx\/index.php?rest_route=\/wp\/v2\/posts\/9168","targetHints":{"allow":["GET"]}}],"collection":[{"href":"https:\/\/informebajio.com.mx\/index.php?rest_route=\/wp\/v2\/posts"}],"about":[{"href":"https:\/\/informebajio.com.mx\/index.php?rest_route=\/wp\/v2\/types\/post"}],"author":[{"embeddable":true,"href":"https:\/\/informebajio.com.mx\/index.php?rest_route=\/wp\/v2\/users\/2"}],"replies":[{"embeddable":true,"href":"https:\/\/informebajio.com.mx\/index.php?rest_route=%2Fwp%2Fv2%2Fcomments&post=9168"}],"version-history":[{"count":0,"href":"https:\/\/informebajio.com.mx\/index.php?rest_route=\/wp\/v2\/posts\/9168\/revisions"}],"wp:featuredmedia":[{"embeddable":true,"href":"https:\/\/informebajio.com.mx\/index.php?rest_route=\/wp\/v2\/media\/9169"}],"wp:attachment":[{"href":"https:\/\/informebajio.com.mx\/index.php?rest_route=%2Fwp%2Fv2%2Fmedia&parent=9168"}],"wp:term":[{"taxonomy":"category","embeddable":true,"href":"https:\/\/informebajio.com.mx\/index.php?rest_route=%2Fwp%2Fv2%2Fcategories&post=9168"},{"taxonomy":"post_tag","embeddable":true,"href":"https:\/\/informebajio.com.mx\/index.php?rest_route=%2Fwp%2Fv2%2Ftags&post=9168"}],"curies":[{"name":"wp","href":"https:\/\/api.w.org\/{rel}","templated":true}]}}