{"id":9176,"date":"2023-05-04T16:58:36","date_gmt":"2023-05-04T21:58:36","guid":{"rendered":"https:\/\/informebajio.com.mx\/?p=9176"},"modified":"2023-05-04T16:58:36","modified_gmt":"2023-05-04T21:58:36","slug":"celebran-la-fiesta-de-la-santa-cruz","status":"publish","type":"post","link":"https:\/\/informebajio.com.mx\/?p=9176","title":{"rendered":"Celebran la Fiesta de la Santa Cruz"},"content":{"rendered":"<div auto_robot_readability=\"65\">\n<h3 class=\"Normal1\" style=\"text-align: justify; text-justify: inter-ideograph;\"><span lang=\"UZ-CYR\" style=\"font-size: 14.0pt; line-height: 115%;\">Cientos de fieles se congregaron en el Templo de la Cruz para ser parte de las festividades, desde las ma\u00f1anitas, la procesi\u00f3n y las bendiciones <\/span><\/h3>\n<p class=\"Normal1\" style=\"text-align: justify; text-justify: inter-ideograph;\"><span lang=\"UZ-CYR\" style=\"font-size: 14.0pt; line-height: 115%;\">Noticias <\/span><\/p>\n<p class=\"Normal1\" style=\"text-align: justify; text-justify: inter-ideograph;\"><span lang=\"UZ-CYR\" style=\"font-size: 14.0pt; line-height: 115%;\">\u00a0<\/span><\/p>\n<p class=\"Normal1\" style=\"text-align: justify; text-justify: inter-ideograph;\"><span lang=\"UZ-CYR\" style=\"font-size: 14.0pt; line-height: 115%;\">Fue a las 5:30 horas que las festividades del 3 de mayo iniciaron con las ma\u00f1anitas a la Santa Cruz de los Milagros por los Coristas de Filosof\u00eda, para dar paso a la eucarist\u00eda presidida por el Fr. Luis Rodolfo Bernal; fue as\u00ed como desde las primeras horas del d\u00eda se empezaron a congregar los fieles en el Templo de la Cruz.<\/span><\/p>\n<p><!-- Composite Start --><\/p>\n<p><!-- Composite End --><\/p>\n<p class=\"Normal1\" style=\"text-align: justify; text-justify: inter-ideograph;\"><span lang=\"UZ-CYR\" style=\"font-size: 14.0pt; line-height: 115%;\">Cerca de las 8:00 horas, fieles y trabajadores de la construcci\u00f3n arribaron al recinto religioso para ser parte de la celebraci\u00f3n eucar\u00edstica presidida por el Fr. Antonio Miranda Arroyo, donde se destac\u00f3 la importancia de recordar el amor de Dios a la humanidad al contempla la cruz, pues fue en esta en la que entreg\u00f3 a su \u00fanico hijo.<\/span><\/p>\n<p class=\"Normal1\" style=\"text-align: justify; text-justify: inter-ideograph;\"><span lang=\"UZ-CYR\" style=\"font-size: 14.0pt; line-height: 115%;\">En tanto, a las afueras se encontraban puestos con cruces talladas en piedra y madera, que algunos aprovechaban para comprar; y es que durante la misa por los trabajadores de la construcci\u00f3n, el padre record\u00f3 que es en este sector donde est\u00e1 tradici\u00f3n se encuentra m\u00e1s arraigada y se aprovecha esta fecha para bendecir las cruces que proteger\u00e1n la obra. Fue as\u00ed como en cada una de las misas cientos de fieles se congregaron en estos recintos para bendecir sus cruces.<\/span><\/p>\n<p class=\"Normal1\" style=\"text-align: justify; text-justify: inter-ideograph;\"><span lang=\"UZ-CYR\" style=\"font-size: 14.0pt; line-height: 115%;\">Cabe destacar que alrededor de las 18:00 horas se llev\u00f3 a cabo la celebraci\u00f3n eucar\u00edstica por la Familia de Apaches y Soldados, misma que dio paso a la procesi\u00f3n de los diferentes grupos de la familia por las calles de Felipe Luna, 5 de Mayo, Guti\u00e9rrez N\u00e1jera, Independencia hasta llegar a las inmediaciones del templo.<\/span><\/p>\n<p class=\"Normal1\" style=\"text-align: justify; text-justify: inter-ideograph;\"><span lang=\"UZ-CYR\" style=\"font-size: 14.0pt; line-height: 115%;\">Es as\u00ed como en las inmediaciones de las plazas de la Santa Cruz y Fundadores se realiz\u00f3 la ofrenda de canto y danzas, ante los fieles que se encontraban en el lugar siguiendo est\u00e1s festividades.<\/span><\/p>\n<\/div>\n<p><\/p>\n","protected":false},"excerpt":{"rendered":"<p>Cientos de fieles se congregaron en el Templo de la Cruz para ser parte de las festividades, desde las ma\u00f1anitas, la procesi\u00f3n y las bendiciones Noticias \u00a0 Fue a las 5:30 horas que las festividades del 3 de mayo iniciaron con las ma\u00f1anitas a la Santa Cruz de los Milagros por los Coristas de Filosof\u00eda, [&hellip;]<\/p>\n","protected":false},"author":2,"featured_media":9177,"comment_status":"","ping_status":"","sticky":false,"template":"","format":"standard","meta":{"_monsterinsights_skip_tracking":false,"_monsterinsights_sitenote_active":false,"_monsterinsights_sitenote_note":"","_monsterinsights_sitenote_category":0,"footnotes":""},"categories":[4],"tags":[],"class_list":["post-9176","post","type-post","status-publish","format-standard","has-post-thumbnail","hentry","category-queretaro"],"_links":{"self":[{"href":"https:\/\/informebajio.com.mx\/index.php?rest_route=\/wp\/v2\/posts\/9176","targetHints":{"allow":["GET"]}}],"collection":[{"href":"https:\/\/informebajio.com.mx\/index.php?rest_route=\/wp\/v2\/posts"}],"about":[{"href":"https:\/\/informebajio.com.mx\/index.php?rest_route=\/wp\/v2\/types\/post"}],"author":[{"embeddable":true,"href":"https:\/\/informebajio.com.mx\/index.php?rest_route=\/wp\/v2\/users\/2"}],"replies":[{"embeddable":true,"href":"https:\/\/informebajio.com.mx\/index.php?rest_route=%2Fwp%2Fv2%2Fcomments&post=9176"}],"version-history":[{"count":0,"href":"https:\/\/informebajio.com.mx\/index.php?rest_route=\/wp\/v2\/posts\/9176\/revisions"}],"wp:featuredmedia":[{"embeddable":true,"href":"https:\/\/informebajio.com.mx\/index.php?rest_route=\/wp\/v2\/media\/9177"}],"wp:attachment":[{"href":"https:\/\/informebajio.com.mx\/index.php?rest_route=%2Fwp%2Fv2%2Fmedia&parent=9176"}],"wp:term":[{"taxonomy":"category","embeddable":true,"href":"https:\/\/informebajio.com.mx\/index.php?rest_route=%2Fwp%2Fv2%2Fcategories&post=9176"},{"taxonomy":"post_tag","embeddable":true,"href":"https:\/\/informebajio.com.mx\/index.php?rest_route=%2Fwp%2Fv2%2Ftags&post=9176"}],"curies":[{"name":"wp","href":"https:\/\/api.w.org\/{rel}","templated":true}]}}