{"id":9184,"date":"2023-05-04T17:57:01","date_gmt":"2023-05-04T22:57:01","guid":{"rendered":"https:\/\/informebajio.com.mx\/?p=9184"},"modified":"2023-05-04T17:57:01","modified_gmt":"2023-05-04T22:57:01","slug":"el-joven-voluntario-que-vence-el-fuego-por-amor-a-servir","status":"publish","type":"post","link":"https:\/\/informebajio.com.mx\/?p=9184","title":{"rendered":"El joven voluntario que vence el fuego por amor a servir"},"content":{"rendered":"<div id=\"content-body-225-10013457\">\n<p>Morelia, Michoac\u00e1n (OEM-Infomex).- Para<b> Pablo Coria S\u00e1nchez, la frase &#8220;por amor al arte&#8221;, <\/b>es la que define su trabajo como bombero voluntario y es que, a pesar de tener una de las labores m\u00e1s peligrosas, las carencias que enfrentan al desarrollarla se vuelve un aliciente para apoyar diariamente a cientos de morelianos.<\/p>\n<p>En entrevista para <b>El Sol de Morelia<\/b>, el joven que estudia la carrera de <b>F\u00edsico Matem\u00e1tico en la Universidad Michoacana de San Nicol\u00e1s de Hidalgo <\/b>define su labor dentro de la corporaci\u00f3n <b>Bomberos Voluntarios de Michoac\u00e1n <\/b>como una de las m\u00e1s nobles, ya que lo mismo pueden acudir a un incendio forestal, como apoyar a una persona que tenga a alguna enfermedad o un choque por mencionar algunas.<\/p>\n<p>Indica que al ser una<b> instituci\u00f3n de asistencia privada<\/b>, subsisten de donativos que hacen principalmente empresarios, de lo que hacen llegar corporaciones estadounidenses o incluso, poner de su propio bolsillo para comprar la herramienta suficiente para continuar con su trabajo.<\/p>\n<p>A comparaci\u00f3n de <b>Bomberos Morelia o Bomberos del Estado<\/b>, ellos cuentan con una peque\u00f1a lona colocada en un predio municipal que se encuentra en el perif\u00e9rico <b>Paseo de la Rep\u00fablica y<\/b> el retorno a la avenida la Huerta, en d\u00f3nde se encuentra su cami\u00f3n de bomberos, sus cuatro camionetas y su patrulla, todas donadas.<\/p>\n<p>Aunque sus equipos de bomberos son usados, Pablo, se\u00f1ala que se encuentran en buen estado y sirven para los <b>m\u00e1s de 20 voluntarios<\/b> que est\u00e1n dentro de su agrupaci\u00f3n, agregando que hasta el momento, ninguno ha sufrido alg\u00fan problema al realizar su labor.<\/p>\n<p>Menciona que su amor por este trabajo, comenz\u00f3 con una capacitaci\u00f3n para el manejo de extintores, poco a poco, se fue adentrando en este mundo, al cual despu\u00e9s de dos a\u00f1os, le ha<i><b> &#8220;agarrado el gusto&#8221; <\/b><\/i>y sin por importar la hora o el d\u00eda, siempre est\u00e1 listo para atender cualquier contingencia.<\/p>\n<p>Se\u00f1ala que lamentablemente, los gobiernos no destinan el recurso suficiente para este tipo de labor, poniendo como ejemplo a la coordinaci\u00f3n de Protecci\u00f3n Civil y Bomberos de Morelia, los cuales a\u00f1ade, &#8220;tienen \u00fanicamente tres estaciones para una ciudad tan grande y muchas veces, no se dan abasto para atender las necesidades de tantas personas&#8221;.<\/p>\n<p>Cuestionado sobre \u00bfQu\u00e9 le pedir\u00eda al gobernador del estado, Alfredo Ram\u00edrez Bedolla o al presidente municipal de Morelia, Alfonso Mart\u00ednez Alc\u00e1zar para este sector?, el joven respondi\u00f3 que<b><i> \u201cm\u00e1s recurso\u201d <\/i><\/b><\/p>\n<p><i><span class=\"quote\">&#8220;Es necesario que se tenga m\u00e1s personal capacitado y m\u00e1s infraestructura, debemos tener m\u00e1s estaciones para que pueda atender de manera inmediata los problemas de nuestra ciudad\u201d,<\/span><\/i><span class=\"cite\"> expres\u00f3. <\/span><\/p>\n<p>Con una sonrisa en el rostro, el <b>bombero voluntario<\/b> se\u00f1ala que continuar\u00e1 trabajando para la sociedad, <b>apoyando hasta que se lo permitan, <\/b>pese a todas las inclemencias a las que se enfrentan, por dice <i>&#8220;es una labor de empat\u00eda, es una labor que te muestra lo vulnerable que somos y que siempre est\u00e1s para ayudar&#8221;.<\/i><\/p>\n<p><i><br \/><\/i><\/p>\n<p>Este cuatro de mayo es el <b>d\u00eda internacional del Bombero<\/b>, por su labor en apoyo a la comunidad, poniendo en riesgo sus vidas en la extinci\u00f3n de incendios, rescate de personas y protecci\u00f3n de espacios ambientales.<\/p>\n<p>De acuerdo a varios medios el <b>D\u00eda Internacional del Bombero<\/b> surgi\u00f3 a ra\u00edz de una propuesta generada debido al fallecimiento de cinco bomberos, ocurrido durante el cumplimiento de sus labores en <b>un incendio forestal ocurrido en Linton (Victoria, Australia).<\/b><\/p>\n<div class=\"body-lead-gallery \">\n<div class=\"teaser \">\n<div class=\"img-container picture\" style=\"width: 100%\">\n<img decoding=\"async\" data-variant=\"LANDSCAPE\" src=\"https:\/\/www.elsoldemorelia.com.mx\/local\/bquza3-bomberos-voluntarios\/BINARY\/thumbnail\/Bomberos%20voluntarios\" data-proxy-image=\"\" data-proxy-width=\"\" style=\"width:100%\" alt=\"\" title=\"Bomberos voluntarios\" class=\"media-object adaptive lazy \"\/><\/p>\n<p><h4>\nFoto: Cortes\u00eda | Bomberos Voluntarios de Michoac\u00e1n IAP<br \/>\n<\/h4>\n<\/p>\n<\/div>\n<div class=\"img-container picture\" style=\"width: 100%\">\n<img decoding=\"async\" data-variant=\"LANDSCAPE\" src=\"https:\/\/www.elsoldemorelia.com.mx\/local\/u6i92x-bomberos-voluntarios\/BINARY\/thumbnail\/Bomberos%20voluntarios\" data-proxy-image=\"\" data-proxy-width=\"\" style=\"width:100%\" alt=\"\" title=\"Bomberos voluntarios\" class=\"media-object adaptive lazy \"\/><\/p>\n<p><h4>\nFoto: Cortes\u00eda | Bomberos Voluntarios de Michoac\u00e1n IAP<br \/>\n<\/h4>\n<\/p>\n<\/div>\n<div class=\"img-container picture\" style=\"width: 100%\">\n<img decoding=\"async\" data-variant=\"LANDSCAPE\" src=\"https:\/\/www.elsoldemorelia.com.mx\/local\/bmosl-bomberos-voluntarios\/BINARY\/thumbnail\/Bomberos%20voluntarios\" data-proxy-image=\"\" data-proxy-width=\"\" style=\"width:100%\" alt=\"\" title=\"Bomberos voluntarios\" class=\"media-object adaptive lazy \"\/><\/p>\n<p><h4>\nFoto: Cortes\u00eda | Bomberos Voluntarios de Michoac\u00e1n IAP<br \/>\n<\/h4>\n<\/p>\n<\/div>\n<div class=\"img-container picture\" style=\"width: 100%\">\n<img decoding=\"async\" data-variant=\"LANDSCAPE\" src=\"https:\/\/www.elsoldemorelia.com.mx\/local\/bosnz4-bomberos-voluntarios\/BINARY\/thumbnail\/Bomberos%20voluntarios\" data-proxy-image=\"\" data-proxy-width=\"\" style=\"width:100%\" alt=\"\" title=\"Bomberos voluntarios\" class=\"media-object adaptive lazy \"\/><\/p>\n<p><h4>\nFoto: Cortes\u00eda | Bomberos Voluntarios de Michoac\u00e1n IAP<br \/>\n<\/h4>\n<\/p>\n<\/div>\n<div class=\"img-container picture\" style=\"width: 100%\">\n<img decoding=\"async\" data-variant=\"LANDSCAPE\" src=\"https:\/\/www.elsoldemorelia.com.mx\/local\/kj96a9-bomberos-voluntarios\/BINARY\/thumbnail\/Bomberos%20voluntarios\" data-proxy-image=\"\" data-proxy-width=\"\" style=\"width:100%\" alt=\"\" title=\"Bomberos voluntarios\" class=\"media-object adaptive lazy \"\/><\/p>\n<p><h4>\nFoto: Cortes\u00eda | Bomberos Voluntarios de Michoac\u00e1n IAP<br \/>\n<\/h4>\n<\/p>\n<\/div>\n<div class=\"img-container picture\" style=\"width: 100%\">\n<img decoding=\"async\" data-variant=\"LANDSCAPE\" src=\"https:\/\/www.elsoldemorelia.com.mx\/local\/a7ky1p-bomberos-voluntarios\/BINARY\/thumbnail\/Bomberos%20voluntarios\" data-proxy-image=\"\" data-proxy-width=\"\" style=\"width:100%\" alt=\"\" title=\"Bomberos voluntarios\" class=\"media-object adaptive lazy \"\/><\/p>\n<p><h4>\nFoto: Cortes\u00eda | Bomberos Voluntarios de Michoac\u00e1n IAP<br \/>\n<\/h4>\n<\/p>\n<\/div>\n<div class=\"img-container picture\" style=\"width: 100%\">\n<img decoding=\"async\" data-variant=\"LANDSCAPE\" src=\"https:\/\/www.elsoldemorelia.com.mx\/local\/33enfr-bomberos-voluntarios\/BINARY\/thumbnail\/Bomberos%20voluntarios\" data-proxy-image=\"\" data-proxy-width=\"\" style=\"width:100%\" alt=\"\" title=\"Bomberos voluntarios\" class=\"media-object adaptive lazy \"\/><\/p>\n<p><h4>\nFoto: Cortes\u00eda | Bomberos Voluntarios de Michoac\u00e1n IAP<br \/>\n<\/h4>\n<\/p>\n<\/div>\n<div class=\"img-container picture\" style=\"width: 100%\">\n<img decoding=\"async\" data-variant=\"LANDSCAPE\" src=\"https:\/\/www.elsoldemorelia.com.mx\/local\/v96bh4-bomberos-voluntarios\/BINARY\/thumbnail\/Bomberos%20voluntarios\" data-proxy-image=\"\" data-proxy-width=\"\" style=\"width:100%\" alt=\"\" title=\"Bomberos voluntarios\" class=\"media-object adaptive lazy \"\/><\/p>\n<p><h4>\nFoto: Cortes\u00eda | Bomberos Voluntarios de Michoac\u00e1n IAP<br \/>\n<\/h4>\n<\/p>\n<\/div>\n<\/div>\n<\/div>\n<p>El cuatro de mayo en <b>Europa se celebra la fiesta de San Flori\u00e1n, <\/b>patr\u00f3n de los bomberos. Fue el primer comandante conocido de un escuadr\u00f3n de bomberos en el Imperio Romano, quien perdi\u00f3 la vida en el ejercicio de sus funciones.<\/p>\n<\/div>\n<p><script>(function(d, s, id) {\nvar js, fjs = d.getElementsByTagName(s)[0];\nif (d.getElementById(id)) return;\njs = d.createElement(s); js.id = id;\njs.src = 'https:\/\/connect.facebook.net\/es_LA\/sdk.js#xfbml=1&version=v3.2&appId=2304818722879035&autoLogAppEvents=1';\nfjs.parentNode.insertBefore(js, fjs);\n}(document, 'script', 'facebook-jssdk'));\n<\/script><\/p>\n","protected":false},"excerpt":{"rendered":"<p>Morelia, Michoac\u00e1n (OEM-Infomex).- Para Pablo Coria S\u00e1nchez, la frase &#8220;por amor al arte&#8221;, es la que define su trabajo como bombero voluntario y es que, a pesar de tener una de las labores m\u00e1s peligrosas, las carencias que enfrentan al desarrollarla se vuelve un aliciente para apoyar diariamente a cientos de morelianos. En entrevista para [&hellip;]<\/p>\n","protected":false},"author":2,"featured_media":9185,"comment_status":"","ping_status":"","sticky":false,"template":"","format":"standard","meta":{"_monsterinsights_skip_tracking":false,"_monsterinsights_sitenote_active":false,"_monsterinsights_sitenote_note":"","_monsterinsights_sitenote_category":0,"footnotes":""},"categories":[7],"tags":[],"class_list":["post-9184","post","type-post","status-publish","format-standard","has-post-thumbnail","hentry","category-michoacan"],"_links":{"self":[{"href":"https:\/\/informebajio.com.mx\/index.php?rest_route=\/wp\/v2\/posts\/9184","targetHints":{"allow":["GET"]}}],"collection":[{"href":"https:\/\/informebajio.com.mx\/index.php?rest_route=\/wp\/v2\/posts"}],"about":[{"href":"https:\/\/informebajio.com.mx\/index.php?rest_route=\/wp\/v2\/types\/post"}],"author":[{"embeddable":true,"href":"https:\/\/informebajio.com.mx\/index.php?rest_route=\/wp\/v2\/users\/2"}],"replies":[{"embeddable":true,"href":"https:\/\/informebajio.com.mx\/index.php?rest_route=%2Fwp%2Fv2%2Fcomments&post=9184"}],"version-history":[{"count":0,"href":"https:\/\/informebajio.com.mx\/index.php?rest_route=\/wp\/v2\/posts\/9184\/revisions"}],"wp:featuredmedia":[{"embeddable":true,"href":"https:\/\/informebajio.com.mx\/index.php?rest_route=\/wp\/v2\/media\/9185"}],"wp:attachment":[{"href":"https:\/\/informebajio.com.mx\/index.php?rest_route=%2Fwp%2Fv2%2Fmedia&parent=9184"}],"wp:term":[{"taxonomy":"category","embeddable":true,"href":"https:\/\/informebajio.com.mx\/index.php?rest_route=%2Fwp%2Fv2%2Fcategories&post=9184"},{"taxonomy":"post_tag","embeddable":true,"href":"https:\/\/informebajio.com.mx\/index.php?rest_route=%2Fwp%2Fv2%2Ftags&post=9184"}],"curies":[{"name":"wp","href":"https:\/\/api.w.org\/{rel}","templated":true}]}}