{"id":9198,"date":"2023-05-04T23:36:01","date_gmt":"2023-05-05T04:36:01","guid":{"rendered":"https:\/\/informebajio.com.mx\/?p=9198"},"modified":"2023-05-04T23:36:01","modified_gmt":"2023-05-05T04:36:01","slug":"urge-canaco-a-fortalecer-turismo","status":"publish","type":"post","link":"https:\/\/informebajio.com.mx\/?p=9198","title":{"rendered":"Urge Canaco a fortalecer turismo"},"content":{"rendered":"<div id=\"content-body-5851641-9997498\">\n<p>Uno de los principales aspectos que tiene que fortalecer la administraci\u00f3n municipal es el <b>incentivo a la cuesti\u00f3n tur\u00edstica <\/b>en San Juan del R\u00edo y generar una mayor derrama econ\u00f3mica refiri\u00f3 Eduardo Prado Alc\u00e1ntara, presidente de la <b>C\u00e1mara Nacional de Comercio<\/b> (Canaco) en esta demarcaci\u00f3n.<\/p>\n<p>Declar\u00f3 que apenas en el pasado <b>periodo vacacional de Semana Santa no hubo un repunte<\/b> como se esperaba y que \u00fanicamente quienes tuvieron alza en cuanto a los giros, fueron los balnearios del municipio como el de San Pedro Ahuacatl\u00e1n y Rancho Alegre, pero que, dijo, desgraciadamente, otros giros no vieron el aumento.<\/p>\n<p>Tambi\u00e9n manifest\u00f3 que las <b>calles lucieron en general solas, <\/b>y que de nueva cuenta los<b> turistas ven\u00edan \u00fanicamente a pernoctar a los hoteles <\/b>los cuales tuvieron una ocupaci\u00f3n del 80%, pero que las <b>familias paseaban en lugares como Amealco, Ezequiel Montes y Tequisquiapan. <\/b><\/p>\n<p><i>\u201cLo que hay, no es de mucho inter\u00e9s (para los paseantes), falta esa comunicaci\u00f3n con los balnearios. Estuvo la ocupaci\u00f3n por encima del 80%. Llegan familias muy grandes y hay que hacer a que el turismo llegue y se quede y no que utilicen San Juan de paso\u201d. <\/i><\/p>\n<p>El l\u00edder empresarial indic\u00f3 que,<b> en este municipio hay diferentes lugares que pueden presumirse, desde lo colonial del Centro Hist\u00f3rico hasta sus museos<\/b> y los hoteles que tienen una infraestructura antigua y que combinan con la modernidad para los hu\u00e9spedes.<\/p>\n<p>Agreg\u00f3 que, una de las cosas que, los paseantes refieren es que, es buena la calidad de los servicios de los restaurantes, cines, plazas, comerciales y otros lugares, y que esta es una condici\u00f3n que se debe aprovechar para seguir generando visitas y oportunidades para los habitantes de San Juan.<\/p>\n<p>Prado Alc\u00e1ntara su menci\u00f3n entre los lazos que han hecho por municipios como Tequisquiapan Amealco y Ezequiel Montes para buscar una recuperaci\u00f3n econ\u00f3mica m\u00e1s factible y fortalecida para San Juan del R\u00edo, con la finalidad de que mediante mesas de trabajo surjan estrategias.<\/p>\n<p><b id=\"docs-internal-guid-336de441-7fff-85df-4a37-48852c1c3926\"><b>\u27a1\ufe0f <\/b><a href=\"https:\/\/oem.us16.list-manage.com\/subscribe?u=c04a811ee61dc85305bf7133b&amp;id=f1b85ee5bb\"><b><u>Suscr\u00edbete a nuestro Newsletter y recibe las notas m\u00e1s relevantes en tu correo<\/u><\/b><\/a><\/b><\/p>\n<p>Finalmente indic\u00f3 que tiene una representatividad en el Baj\u00edo de manera importante, y que, este factor no estar\u00e1 aprovechando para dar a conocer al municipio y su vocaci\u00f3n tur\u00edstica.<\/p>\n<\/div>\n<p><script>(function(d, s, id) {\nvar js, fjs = d.getElementsByTagName(s)[0];\nif (d.getElementById(id)) return;\njs = d.createElement(s); js.id = id;\njs.src = 'https:\/\/connect.facebook.net\/es_LA\/sdk.js#xfbml=1&version=v3.2&appId=232029482016746&autoLogAppEvents=1';\nfjs.parentNode.insertBefore(js, fjs);\n}(document, 'script', 'facebook-jssdk'));\n<\/script><\/p>\n","protected":false},"excerpt":{"rendered":"<p>Uno de los principales aspectos que tiene que fortalecer la administraci\u00f3n municipal es el incentivo a la cuesti\u00f3n tur\u00edstica en San Juan del R\u00edo y generar una mayor derrama econ\u00f3mica refiri\u00f3 Eduardo Prado Alc\u00e1ntara, presidente de la C\u00e1mara Nacional de Comercio (Canaco) en esta demarcaci\u00f3n. Declar\u00f3 que apenas en el pasado periodo vacacional de Semana [&hellip;]<\/p>\n","protected":false},"author":2,"featured_media":9199,"comment_status":"","ping_status":"","sticky":false,"template":"","format":"standard","meta":{"_monsterinsights_skip_tracking":false,"_monsterinsights_sitenote_active":false,"_monsterinsights_sitenote_note":"","_monsterinsights_sitenote_category":0,"footnotes":""},"categories":[6],"tags":[],"class_list":["post-9198","post","type-post","status-publish","format-standard","has-post-thumbnail","hentry","category-san-juan-del-rio"],"_links":{"self":[{"href":"https:\/\/informebajio.com.mx\/index.php?rest_route=\/wp\/v2\/posts\/9198","targetHints":{"allow":["GET"]}}],"collection":[{"href":"https:\/\/informebajio.com.mx\/index.php?rest_route=\/wp\/v2\/posts"}],"about":[{"href":"https:\/\/informebajio.com.mx\/index.php?rest_route=\/wp\/v2\/types\/post"}],"author":[{"embeddable":true,"href":"https:\/\/informebajio.com.mx\/index.php?rest_route=\/wp\/v2\/users\/2"}],"replies":[{"embeddable":true,"href":"https:\/\/informebajio.com.mx\/index.php?rest_route=%2Fwp%2Fv2%2Fcomments&post=9198"}],"version-history":[{"count":0,"href":"https:\/\/informebajio.com.mx\/index.php?rest_route=\/wp\/v2\/posts\/9198\/revisions"}],"wp:featuredmedia":[{"embeddable":true,"href":"https:\/\/informebajio.com.mx\/index.php?rest_route=\/wp\/v2\/media\/9199"}],"wp:attachment":[{"href":"https:\/\/informebajio.com.mx\/index.php?rest_route=%2Fwp%2Fv2%2Fmedia&parent=9198"}],"wp:term":[{"taxonomy":"category","embeddable":true,"href":"https:\/\/informebajio.com.mx\/index.php?rest_route=%2Fwp%2Fv2%2Fcategories&post=9198"},{"taxonomy":"post_tag","embeddable":true,"href":"https:\/\/informebajio.com.mx\/index.php?rest_route=%2Fwp%2Fv2%2Ftags&post=9198"}],"curies":[{"name":"wp","href":"https:\/\/api.w.org\/{rel}","templated":true}]}}