{"id":9210,"date":"2023-05-05T05:36:25","date_gmt":"2023-05-05T10:36:25","guid":{"rendered":"https:\/\/informebajio.com.mx\/?p=9210"},"modified":"2023-05-05T05:36:25","modified_gmt":"2023-05-05T10:36:25","slug":"aumentan-15-quejas-contra-servicio-medico","status":"publish","type":"post","link":"https:\/\/informebajio.com.mx\/?p=9210","title":{"rendered":"Aumentan 15% quejas contra servicio m\u00e9dico"},"content":{"rendered":"<div id=\"content-body-5851641-10010751\">\n<p>Este a\u00f1o se han<b> incrementado en 15% las quejas contra personal m\u00e9dico ante la Comisi\u00f3n de Arbitraje M\u00e9dico <\/b>del estado de Quer\u00e9taro (CAMEQ), dio a conocer Genaro Vega Malag\u00f3n, comisionado presidente de la CAMEQ.<\/p>\n<p>Detall\u00f3 que las <b>principales quejas se dan contra odont\u00f3logos y ginecobstetras,<\/b> y aclar\u00f3 que \u00e9stas se deben no a negligencias m\u00e9dicas, si no a<b> mala informaci\u00f3n proporcionada a los pacientes<\/b>; adem\u00e1s, destac\u00f3 que \u00e9stas desplazaron las quejas contra traumat\u00f3logos, que antes ocupaba el primer lugar.<\/p>\n<p><i>&#8220;Lo que les he dicho siempre, con tres minutos que le dedique m\u00e1s el m\u00e9dico al paciente a explicarle qu\u00e9 es lo que le pasa con eso van a ahorrarse muchos problemas, aqu\u00ed la cuesti\u00f3n es que debe haber buena informaci\u00f3n&#8221;,<\/i> apunt\u00f3.<\/p>\n<p>El comisionado se\u00f1al\u00f3 que el incremento se debe a la <b>conciencia que tienen las personas sobre la aplicaci\u00f3n de medios alternativos <\/b>de conflictos, as\u00ed como al incremento poblacional.<\/p>\n<p><i>&#8220;Ha habido un incremento, m\u00e1s que quejas son inconformidades por algunos temas de que se ha aumentado la poblaci\u00f3n y, sobre todo, de que la gente se ha concientizado m\u00e1s de que existen medios alternativos de soluci\u00f3n de conflictos. Aument\u00f3 en un 10, 15% en relaci\u00f3n a a\u00f1os anteriores&#8221;,<\/i> dijo.<\/p>\n<p>El especialista refiri\u00f3 que<b> anualmente se reciben 600 quejas <\/b>o inconformidades en la Comisi\u00f3n de Arbitraje M\u00e9dico, de las cuales s\u00f3lo un 5% tienen relaci\u00f3n con presuntas negligencias m\u00e9dicas.<\/p>\n<p><i>&#8220;A veces el paciente se va con otra perspectiva y resulta que no le explicaron bien o no entend\u00eda bien y ese es el error del personal de salud que no le explicamos bien y no corroboramos que haya entendido cu\u00e1l es la trascendencia o los alcances de su tratamiento&#8221;,<\/i> se\u00f1al\u00f3.<\/p>\n<p>Vega Malag\u00f3n agreg\u00f3 que, para evitar los &#8220;malos entendidos&#8221; se est\u00e1 llevando a cabo una campa\u00f1a denominada &#8220;Paciente participativo&#8221;, con la visi\u00f3n de que el personal m\u00e9dico no es el \u00fanico responsable de la salud, sino tambi\u00e9n el paciente.<\/p>\n<p><i>&#8220;Queremos hacer que el paciente tambi\u00e9n sea corresponsable de su salud, que sepa que \u00e9l tambi\u00e9n tiene que poner parte. En Quer\u00e9taro la iniciamos hace varios a\u00f1os, en 2019, y la estamos retomando para darle la importancia que no todo corresponde al m\u00e9dico, sino tambi\u00e9n el paciente&#8221;, <\/i>mencion\u00f3.<\/p>\n<p><b id=\"docs-internal-guid-07a694b8-7fff-0977-d2bd-f7b6d09d3abd\"><b>\u27a1\ufe0f <\/b><a href=\"https:\/\/oem.us16.list-manage.com\/subscribe?u=c04a811ee61dc85305bf7133b&amp;id=f1b85ee5bb\"><b><u>Suscr\u00edbete a nuestro Newsletter y recibe las notas m\u00e1s relevantes en tu correo<\/u><\/b><\/a><\/b><\/p>\n<p>A\u00f1adi\u00f3 que, incluso, <b>se brindan capacitaciones a m\u00e9dicos para el buen trato del paciente <\/b>con el objetivo de que sean emp\u00e1ticos con la ciudadan\u00eda en general, la cual realiza su acercamiento debido a un problema de salud.<\/p>\n<\/div>\n<p><script>(function(d, s, id) {\nvar js, fjs = d.getElementsByTagName(s)[0];\nif (d.getElementById(id)) return;\njs = d.createElement(s); js.id = id;\njs.src = 'https:\/\/connect.facebook.net\/es_LA\/sdk.js#xfbml=1&version=v3.2&appId=232029482016746&autoLogAppEvents=1';\nfjs.parentNode.insertBefore(js, fjs);\n}(document, 'script', 'facebook-jssdk'));\n<\/script><\/p>\n","protected":false},"excerpt":{"rendered":"<p>Este a\u00f1o se han incrementado en 15% las quejas contra personal m\u00e9dico ante la Comisi\u00f3n de Arbitraje M\u00e9dico del estado de Quer\u00e9taro (CAMEQ), dio a conocer Genaro Vega Malag\u00f3n, comisionado presidente de la CAMEQ. Detall\u00f3 que las principales quejas se dan contra odont\u00f3logos y ginecobstetras, y aclar\u00f3 que \u00e9stas se deben no a negligencias m\u00e9dicas, [&hellip;]<\/p>\n","protected":false},"author":2,"featured_media":9211,"comment_status":"","ping_status":"","sticky":false,"template":"","format":"standard","meta":{"_monsterinsights_skip_tracking":false,"_monsterinsights_sitenote_active":false,"_monsterinsights_sitenote_note":"","_monsterinsights_sitenote_category":0,"footnotes":""},"categories":[6],"tags":[],"class_list":["post-9210","post","type-post","status-publish","format-standard","has-post-thumbnail","hentry","category-san-juan-del-rio"],"_links":{"self":[{"href":"https:\/\/informebajio.com.mx\/index.php?rest_route=\/wp\/v2\/posts\/9210","targetHints":{"allow":["GET"]}}],"collection":[{"href":"https:\/\/informebajio.com.mx\/index.php?rest_route=\/wp\/v2\/posts"}],"about":[{"href":"https:\/\/informebajio.com.mx\/index.php?rest_route=\/wp\/v2\/types\/post"}],"author":[{"embeddable":true,"href":"https:\/\/informebajio.com.mx\/index.php?rest_route=\/wp\/v2\/users\/2"}],"replies":[{"embeddable":true,"href":"https:\/\/informebajio.com.mx\/index.php?rest_route=%2Fwp%2Fv2%2Fcomments&post=9210"}],"version-history":[{"count":0,"href":"https:\/\/informebajio.com.mx\/index.php?rest_route=\/wp\/v2\/posts\/9210\/revisions"}],"wp:featuredmedia":[{"embeddable":true,"href":"https:\/\/informebajio.com.mx\/index.php?rest_route=\/wp\/v2\/media\/9211"}],"wp:attachment":[{"href":"https:\/\/informebajio.com.mx\/index.php?rest_route=%2Fwp%2Fv2%2Fmedia&parent=9210"}],"wp:term":[{"taxonomy":"category","embeddable":true,"href":"https:\/\/informebajio.com.mx\/index.php?rest_route=%2Fwp%2Fv2%2Fcategories&post=9210"},{"taxonomy":"post_tag","embeddable":true,"href":"https:\/\/informebajio.com.mx\/index.php?rest_route=%2Fwp%2Fv2%2Ftags&post=9210"}],"curies":[{"name":"wp","href":"https:\/\/api.w.org\/{rel}","templated":true}]}}