{"id":9222,"date":"2023-05-05T07:59:38","date_gmt":"2023-05-05T12:59:38","guid":{"rendered":"https:\/\/informebajio.com.mx\/?p=9222"},"modified":"2023-05-05T07:59:38","modified_gmt":"2023-05-05T12:59:38","slug":"presentan-la-convocatoria-de-consulta-a-personas-con-discapacidad-2023-dip-cinthia-veronica-segovia-colunga","status":"publish","type":"post","link":"https:\/\/informebajio.com.mx\/?p=9222","title":{"rendered":"PRESENTAN LA CONVOCATORIA DE CONSULTA A PERSONAS CON DISCAPACIDAD 2023: DIP. CINTHIA VER\u00d3NICA SEGOVIA COLUNGA"},"content":{"rendered":"<div>\n<p><strong>A TRAV\u00c9S DE FOROS Y JORNADAS EN ESCUELAS Y CENTROS DE ATENCI\u00d3N SE TENDR\u00c1 CONTACTO CON PERSONAS CON DISCAPACIDAD DE TODO EL ESTADO<\/strong><\/p>\n<p>El Congreso del Estado present\u00f3 la convocatoria de Consulta a Personas con Discapacidad 2023, donde podr\u00e1n participar todas las personas con discapacidad de forma directa, quienes podr\u00e1n recibir el apoyo de las personas de su familia, de las personas cuidadoras y cualquier otra persona que considere necesario, sin que dicho apoyo se entienda que sustituye la voluntad de las personas con discapacidad.<\/p>\n<p>La diputada Cinthia Ver\u00f3nica Segovia Colunga, presidenta de la Directiva del poder Legislativo inform\u00f3 que, las formas de participaci\u00f3n de la consulta ser\u00e1n: Opiniones por escrito, de forma impresa o mediante dispositivo de almacenamiento electr\u00f3nico o virtual, dirigidas a la Presidencia de la Directiva del Congreso del Estado, en el periodo comprendido del 28 de abril al 22 de mayo de 2023.<\/p>\n<p>Las propuestas podr\u00e1n ser presentadas ante la oficial\u00eda de partes del Congreso del Estado, ubicada en la planta baja del Edificio \u00abPresidente Ju\u00e1rez\u00bb en Vallejo n\u00famero 200, de lunes a viernes, en un horario de 8:00 a 15:00 horas. Tambi\u00e9n, en buzones receptores, que se colocar\u00e1n en las instalaciones de las Presidencias Municipales y en los Sistemas para el Desarrollo Integral de la Familia de los 58 Ayuntamientos, as\u00ed como en las dem\u00e1s instituciones p\u00fablicas, privadas, acad\u00e9micas y sociales, con las que as\u00ed se acuerde conforme a los convenios de colaboraci\u00f3n interinstitucional.<\/p>\n<p>Tambi\u00e9n a trav\u00e9s de Programa: \u00abJornadas: La consulta en tu escuela el cual se llevar\u00e1 a cabo entre el 16 y el 19 de mayo de 2023, en coordinaci\u00f3n con la Secretar\u00eda de Educaci\u00f3n del Gobierno del Estado, y el Sistema Educativo Estatal Regular, el cual plantea llevar la consulta a los centros de educaci\u00f3n b\u00e1sica para personas con discapacidad en el Estado, y recabar en forma directa las opiniones y propuestas de las personas con discapacidad.<\/p>\n<p>Programa \u00abJornadas: La consulta en centros de atenci\u00f3n para personas con discapacidad en materia de salud mental en coordinaci\u00f3n con la Secretaria de Salud, y el Sistema Estatal para el Desarrollo Integral de la Familia, con el objeto de recabar en forma directa las opiniones y propuestas de las personas con discapacidad.<\/p>\n<p>Y a trav\u00e9s de medios digitales: Las opiniones y propuestas que se env\u00eden a trav\u00e9s de medios y dispositivos electr\u00f3nicos y digitales habilitados para tales efectos, mediante mensajes de texto, y mensajes de voz o video con duraci\u00f3n de hasta cinco minutos, los cuales son: correo electr\u00f3nico: <a href=\"\/cdn-cgi\/l\/email-protection#e4878b8a9791889085948196978b8a8597878b8a808d9787859485878d808580a4878b8a839681978b97858a88918d97ca838b86ca899c\"><span class=\"__cf_email__\" data-cfemail=\"fd9e92938e8891899c8d988f8e92939c8e9e929399948e9e9c8d9c9e94999c99bd9e92939a8f988e928e9c939188948ed39a929fd39085\">[email\u00a0protected]<\/span><\/a>.<\/p>\n<p>Por medio del n\u00famero telef\u00f3nico: WhatsApp y Telegram 44 42 38 99 80.<\/p>\n<p>P\u00e1gina oficial: <a href=\"http:\/\/www.congresosanluis.gob.mx\">www.congresosanluis.gob.mx<\/a>. Enlaces a trav\u00e9s de las p\u00e1ginas web y redes sociales de las instituciones con las que as\u00ed se acuerde conforme a los convenios de colaboraci\u00f3n interinstitucional. Y las redes sociales oficiales del Poder Legislativo; <a href=\"https:\/\/www.facebook.com\/congresoedos|p\">www.facebook.com\/congresoedos|p<\/a> , instagram: @congresoslp, twitter: @CongresoEdoSLP y TikTok: @congresoslp.<\/p>\n<p>La diputada Cinthia Ver\u00f3nica Segovia Colunga dijo que, se llevaran a cabo 5 foros regionales de consulta donde se podr\u00e1n exponer de manera directa las propuestas y opiniones.<\/p>\n<p>Los foros regionales se realizar\u00e1n conforme a las fechas, horarios y sedes siguientes, en los que se garantizar\u00e1 la accesibilidad y materiales para todas las personas con discapacidad; Ciudad Valles en la Facultad de Estudios Profesionales Zona Huasteca de la UASLP el 12 de mayo, a las 10:00 Hrs. Tamazunchale en la Jurisdicci\u00f3n Sanitaria el 12 de mayo, a las 10:00 Hrs. Matehuala en el Centro Cultural de Matehuala el 12 de mayo a las 10:00 Hrs. Rioverde, en la Unidad Acad\u00e9mica Multidisciplinaria Zona Media de la UASLP, el 16 de mayo a las 10:00 Hrs. San Luis Potos\u00ed, en el CREE, el 17 de mayo a las 10:00 Hrs.<\/p>\n<p>Finalmente la diputada Segovia Colunga dijo que, con el objeto de garantizar su participaci\u00f3n de manera previa a la aprobaci\u00f3n de los dict\u00e1menes por parte del Pleno, en observancia del requisito que se\u00f1ala, que la consulta debe ser: \u00abPrevia, p\u00fablica, abierta y regular\u00bb, el Congreso del Estado invitar\u00e1 y promover\u00e1 la asistencia de las personas con discapacidad, a la sesi\u00f3n del Pleno que se celebrar\u00e1 preferentemente el 7 de junio de 2023, a las 10:00hrs., en la que se pondr\u00e1n a discusi\u00f3n para su aprobaci\u00f3n, los dict\u00e1menes de modificaciones legales que hayan sido aprobados por las comisiones legislativas.<\/p>\n<p>Tambi\u00e9n la convocatoria puede consultarse a trav\u00e9s de la p\u00e1gina oficial del Congreso del Estado <a href=\"http:\/\/www.congresoslp.gob.mx\">www.congresoslp.gob.mx<\/a>.<\/p>\n<\/div>\n<p><\/p>\n","protected":false},"excerpt":{"rendered":"<p>A TRAV\u00c9S DE FOROS Y JORNADAS EN ESCUELAS Y CENTROS DE ATENCI\u00d3N SE TENDR\u00c1 CONTACTO CON PERSONAS CON DISCAPACIDAD DE TODO EL ESTADO El Congreso del Estado present\u00f3 la convocatoria de Consulta a Personas con Discapacidad 2023, donde podr\u00e1n participar todas las personas con discapacidad de forma directa, quienes podr\u00e1n recibir el apoyo de las [&hellip;]<\/p>\n","protected":false},"author":2,"featured_media":9223,"comment_status":"","ping_status":"","sticky":false,"template":"","format":"standard","meta":{"_monsterinsights_skip_tracking":false,"_monsterinsights_sitenote_active":false,"_monsterinsights_sitenote_note":"","_monsterinsights_sitenote_category":0,"footnotes":""},"categories":[5],"tags":[],"class_list":["post-9222","post","type-post","status-publish","format-standard","has-post-thumbnail","hentry","category-san-luis-potosi"],"_links":{"self":[{"href":"https:\/\/informebajio.com.mx\/index.php?rest_route=\/wp\/v2\/posts\/9222","targetHints":{"allow":["GET"]}}],"collection":[{"href":"https:\/\/informebajio.com.mx\/index.php?rest_route=\/wp\/v2\/posts"}],"about":[{"href":"https:\/\/informebajio.com.mx\/index.php?rest_route=\/wp\/v2\/types\/post"}],"author":[{"embeddable":true,"href":"https:\/\/informebajio.com.mx\/index.php?rest_route=\/wp\/v2\/users\/2"}],"replies":[{"embeddable":true,"href":"https:\/\/informebajio.com.mx\/index.php?rest_route=%2Fwp%2Fv2%2Fcomments&post=9222"}],"version-history":[{"count":0,"href":"https:\/\/informebajio.com.mx\/index.php?rest_route=\/wp\/v2\/posts\/9222\/revisions"}],"wp:featuredmedia":[{"embeddable":true,"href":"https:\/\/informebajio.com.mx\/index.php?rest_route=\/wp\/v2\/media\/9223"}],"wp:attachment":[{"href":"https:\/\/informebajio.com.mx\/index.php?rest_route=%2Fwp%2Fv2%2Fmedia&parent=9222"}],"wp:term":[{"taxonomy":"category","embeddable":true,"href":"https:\/\/informebajio.com.mx\/index.php?rest_route=%2Fwp%2Fv2%2Fcategories&post=9222"},{"taxonomy":"post_tag","embeddable":true,"href":"https:\/\/informebajio.com.mx\/index.php?rest_route=%2Fwp%2Fv2%2Ftags&post=9222"}],"curies":[{"name":"wp","href":"https:\/\/api.w.org\/{rel}","templated":true}]}}