{"id":9250,"date":"2023-05-05T15:57:44","date_gmt":"2023-05-05T20:57:44","guid":{"rendered":"https:\/\/informebajio.com.mx\/?p=9250"},"modified":"2023-05-05T15:57:44","modified_gmt":"2023-05-05T20:57:44","slug":"inicia-amlo-estrategia-contra-campana-politiquera-sobre-fentanilo","status":"publish","type":"post","link":"https:\/\/informebajio.com.mx\/?p=9250","title":{"rendered":"Inicia AMLO estrategia contra &quot;campa\u00f1a politiquera&quot; sobre fentanilo"},"content":{"rendered":"<div id=\"content_nitf\">\n<p>El presidente Andr\u00e9s Manuel L\u00f3pez Obrador inici\u00f3 una estrategia para contrarrestar la \u201ccampa\u00f1a politiquera y de mala fe\u201d que pretende responsabilizar a M\u00e9xico de la producci\u00f3n del fentanilo. Reiter\u00f3 que la droga no se fabrica en territorio nacional.<\/p>\n<p>En la conferencia en Palacio Nacional, se proyect\u00f3 un video transmitido en un noticiero de televisi\u00f3n, donde supuestamente se documenta que en Sinaloa existen laboratorios que fabrican el estupefaciente.<\/p>\n<p>Advirti\u00f3 sobre la importancia de desmentir y de esta manera, hacer frente a los grupos de conservadores que en los \u00faltimos tiempos han ido a Espa\u00f1a \u201ca acusarnos, reciben dinero del gobierno de Estados Unidos para atacarnos en un plan de traidorzuelos y de intervencionismo\u201d.<\/p>\n<p>Con eso, dijo, se viola la soberan\u00eda, \u201clo hacen los gobiernos extranjeros pero tambi\u00e9n participan conservadores que no dejan la vieja y antigua tradici\u00f3n anti mexicana\u201d.<\/p>\n<p>El mandatario retom\u00f3 sus se\u00f1alamientos en contra de los medios de comunicaci\u00f3n en M\u00e9xico, Estados Unidos y en el mundo, que se prestan a manipular la informaci\u00f3n. \u201cLa verdad debe estar por delante, para que se pueda contrarrestar la campa\u00f1a politiquera y de mala fe en un tema muy delicado y muy doloroso, porque se trata de drogas da\u00f1inas que causan la muerte a muchas personas, j\u00f3venes sobre todo\u201d.<\/p>\n<p>El titular del Ejecutivo ratific\u00f3 que M\u00e9xico est\u00e1 ayudando al gobierno de Estados Unidos para que no haya tr\u00e1fico de droga; pero dijo, quieren que toda la culpa recaiga en nuestro pa\u00eds \u201cy lo consideramos injusto. No merecemos ese trato\u201d, dijo en referencia al reportaje televisivo transmitido el pasado 2 de mayo.<\/p>\n<p>Tambi\u00e9n advirti\u00f3 que ante las pr\u00f3ximas elecciones en el vecino del norte, es muy probable que el tema del fentanilo se introduzca en las campa\u00f1as y nuevamente, se acuse a M\u00e9xico de la producci\u00f3n y la introducci\u00f3n de la droga a aquella naci\u00f3n.<\/p>\n<p>\u201cEntonces esa crisis, esa pandemia, que no han podido enfrentar, quieren utilizarla de manera tramposa para culpar a M\u00e9xico\u201d, apunt\u00f3.<\/p>\n<p>Enseguida se transmiti\u00f3 el video con la explicaci\u00f3n del almirante Jos\u00e9 Rafael Ojeda, secretario de Marina, sobre la manipulaci\u00f3n de las im\u00e1genes y las afirmaciones falsas respecto a que se trata de laboratorios de fentanilo.<\/p>\n<\/div>\n<p><script>\n      !function(f,b,e,v,n,t,s)\n      {if(f.fbq)return;n=f.fbq=function(){n.callMethod?\n      n.callMethod.apply(n,arguments):n.queue.push(arguments)};\n      if(!f._fbq)f._fbq=n;n.push=n;n.loaded=!0;n.version='2.0';\n      n.queue=[];t=b.createElement(e);t.async=!0;\n      t.src=v;s=b.getElementsByTagName(e)[0];\n      s.parentNode.insertBefore(t,s)}(window, document,'script',\n      'https:\/\/connect.facebook.net\/en_US\/fbevents.js');\n      fbq('init', '133913093805922');\n      fbq('track', 'PageView');\n      fbq('track', 'Contact');\n      fbq('track', 'Donate');\n      fbq('track', 'FindLocation');\n      fbq('track', 'Lead');\n      fbq('track', 'Search');\n      fbq('track', 'Subscribe', {value: '0.00', currency: 'MXN', predicted_ltv: '0.00'});\n      fbq('track', 'ViewContent');\n    <\/script><script type=\"text\/javascript\">(function(d, s, id) {\n\t  var js, fjs = d.getElementsByTagName(s)[0];\n\t  if (d.getElementById(id)) return;\n\t  js = d.createElement(s); js.id = id;\n\t  js.src = \"\/\/connect.facebook.net\/es_LA\/sdk.js#xfbml=1&amp;version=v3.3&amp;appId=774389309362880\";\n\t  fjs.parentNode.insertBefore(js, fjs);\n\t}(document, 'script', 'facebook-jssdk'));<\/script><\/p>\n","protected":false},"excerpt":{"rendered":"<p>El presidente Andr\u00e9s Manuel L\u00f3pez Obrador inici\u00f3 una estrategia para contrarrestar la \u201ccampa\u00f1a politiquera y de mala fe\u201d que pretende responsabilizar a M\u00e9xico de la producci\u00f3n del fentanilo. Reiter\u00f3 que la droga no se fabrica en territorio nacional. En la conferencia en Palacio Nacional, se proyect\u00f3 un video transmitido en un noticiero de televisi\u00f3n, donde [&hellip;]<\/p>\n","protected":false},"author":2,"featured_media":9251,"comment_status":"","ping_status":"","sticky":false,"template":"","format":"standard","meta":{"_monsterinsights_skip_tracking":false,"_monsterinsights_sitenote_active":false,"_monsterinsights_sitenote_note":"","_monsterinsights_sitenote_category":0,"footnotes":""},"categories":[9],"tags":[],"class_list":["post-9250","post","type-post","status-publish","format-standard","has-post-thumbnail","hentry","category-deportes"],"_links":{"self":[{"href":"https:\/\/informebajio.com.mx\/index.php?rest_route=\/wp\/v2\/posts\/9250","targetHints":{"allow":["GET"]}}],"collection":[{"href":"https:\/\/informebajio.com.mx\/index.php?rest_route=\/wp\/v2\/posts"}],"about":[{"href":"https:\/\/informebajio.com.mx\/index.php?rest_route=\/wp\/v2\/types\/post"}],"author":[{"embeddable":true,"href":"https:\/\/informebajio.com.mx\/index.php?rest_route=\/wp\/v2\/users\/2"}],"replies":[{"embeddable":true,"href":"https:\/\/informebajio.com.mx\/index.php?rest_route=%2Fwp%2Fv2%2Fcomments&post=9250"}],"version-history":[{"count":0,"href":"https:\/\/informebajio.com.mx\/index.php?rest_route=\/wp\/v2\/posts\/9250\/revisions"}],"wp:featuredmedia":[{"embeddable":true,"href":"https:\/\/informebajio.com.mx\/index.php?rest_route=\/wp\/v2\/media\/9251"}],"wp:attachment":[{"href":"https:\/\/informebajio.com.mx\/index.php?rest_route=%2Fwp%2Fv2%2Fmedia&parent=9250"}],"wp:term":[{"taxonomy":"category","embeddable":true,"href":"https:\/\/informebajio.com.mx\/index.php?rest_route=%2Fwp%2Fv2%2Fcategories&post=9250"},{"taxonomy":"post_tag","embeddable":true,"href":"https:\/\/informebajio.com.mx\/index.php?rest_route=%2Fwp%2Fv2%2Ftags&post=9250"}],"curies":[{"name":"wp","href":"https:\/\/api.w.org\/{rel}","templated":true}]}}