{"id":9286,"date":"2023-05-05T23:38:37","date_gmt":"2023-05-06T04:38:37","guid":{"rendered":"https:\/\/informebajio.com.mx\/?p=9286"},"modified":"2023-05-05T23:38:37","modified_gmt":"2023-05-06T04:38:37","slug":"realizaran-taller-de-arte-audiovisual","status":"publish","type":"post","link":"https:\/\/informebajio.com.mx\/?p=9286","title":{"rendered":"Realizar\u00e1n taller de arte audiovisual"},"content":{"rendered":"<div id=\"content-body-5851641-10013427\">\n<p>La <b>Direcci\u00f3n Municipal de la Juventud de San Juan del R\u00edo <\/b>iniciar\u00e1 con el programa <b>\u201cJuventud en Corto\u201d, <\/b>iniciativa mediante la cual se impartir\u00e1 un <b>curso-taller en materia de arte audiovisual<\/b>, a fin de que las y los j\u00f3venes de la demarcaci\u00f3n se profesionalicen dentro de esta \u00e1rea y puedan encontrar un medio de expresi\u00f3n, se\u00f1al\u00f3 el titular de la dependencia,<b> Luis Alberto Galv\u00e1n Hern\u00e1ndez.<\/b><\/p>\n<p>Detall\u00f3 que esta iniciativa forma parte del <b>Centro Empleo Joven<\/b>, un proyecto con el que se <b>busca acercar servicios de capacitaci\u00f3n a las juventudes del municipio<\/b> y as\u00ed obtener las herramientas necesarias para fortalecer sus capacidades o aprender alguna habilidad nueva que les permita tener m\u00e1s y mejores oportunidades en el mercado laboral.<\/p>\n<p>Detall\u00f3 que de manera reciente<b> se lanz\u00f3 la convocatoria para las y los interesados<\/b> que deseen formar parte de este programa. A\u00f1adi\u00f3 que, de la mano de una instructora, <b>los participantes podr\u00e1n aprender <\/b>de forma b\u00e1sica algunos <b>conceptos de la producci\u00f3n audiovisual y cinematogr\u00e1fica. <\/b><\/p>\n<p><i>\u201cEs una convocatoria como parte de las actividades y talleres de profesionalizaci\u00f3n y capacitaci\u00f3n en el Centro Empleo Joven, el cual va dirigido a brindar talleres para el conocimiento de producci\u00f3n audiovisual, de cortometrajes para ser m\u00e1s exactos. Ser\u00e1n j\u00f3venes principiantes los que van a aprender, de la mano de una instructora, principios b\u00e1sicos para el tema de producci\u00f3n audiovisual\u201d,<\/i> coment\u00f3. <\/p>\n<p>Refiri\u00f3 que el cupo para esta iniciativa es limitado, pues<b> solo ser\u00e1n admitidos hasta 20 participantes<\/b>. Agreg\u00f3 que los interesados en formar parte del curso-taller <b>deben de tener entre 15 y 22 a\u00f1os de edad, <\/b>acreditar residencia en el municipio de San Juan del R\u00edo, as\u00ed como contar con disponibilidad del tiempo, toda vez que la actividad <b>tendr\u00e1 una duraci\u00f3n de dos meses. <\/b><\/p>\n<p>Dijo que el curso-taller<b> se impartir\u00e1 en 16 horas,<\/b> cuyas clases ser\u00e1n <b>todos los mi\u00e9rcoles a partir del 17 de mayo<\/b>, en un horario <b>de 14:00 a 16:00 horas<\/b> y con una cuota de<b> recuperaci\u00f3n de 250 pesos mensuales<\/b>. Apunt\u00f3 que se abordar\u00e1n diferentes m\u00f3dulos con el prop\u00f3sito de que, al finalizarlos, los participantes puedan generar un contenido audiovisual que pueda ser expuesto en diferentes lugares de la demarcaci\u00f3n. <\/p>\n<p><b>\u27a1\ufe0f <\/b><a href=\"https:\/\/oem.us16.list-manage.com\/subscribe?u=c04a811ee61dc85305bf7133b&amp;id=f1b85ee5bb\"><b>Suscr\u00edbete a nuestro Newsletter y recibe las notas m\u00e1s relevantes en tu correo<\/b><\/a><b\/><\/p>\n<p>En ese sentido, expres\u00f3 que <b>la segunda etapa del programa consistir\u00e1 en un concurso de cortometrajes, <\/b>donde los mejores proyectos ser\u00e1n premiados. <\/p>\n<p><i>\u201cAproximadamente va a ser pasando agosto, una vez que ya se tenga la finalizaci\u00f3n del curso, los dos meses aproximadamente y otros meses m\u00e1s de preparaci\u00f3n. Tambi\u00e9n hacer hincapi\u00e9 que se va hacer extensiva la invitaci\u00f3n a la ciudadan\u00eda, aunque no hayan tomado el curso pueden participar dentro del concurso\u201d,<\/i> coment\u00f3.<\/p>\n<\/div>\n<p><script>(function(d, s, id) {\nvar js, fjs = d.getElementsByTagName(s)[0];\nif (d.getElementById(id)) return;\njs = d.createElement(s); js.id = id;\njs.src = 'https:\/\/connect.facebook.net\/es_LA\/sdk.js#xfbml=1&version=v3.2&appId=232029482016746&autoLogAppEvents=1';\nfjs.parentNode.insertBefore(js, fjs);\n}(document, 'script', 'facebook-jssdk'));\n<\/script><\/p>\n","protected":false},"excerpt":{"rendered":"<p>La Direcci\u00f3n Municipal de la Juventud de San Juan del R\u00edo iniciar\u00e1 con el programa \u201cJuventud en Corto\u201d, iniciativa mediante la cual se impartir\u00e1 un curso-taller en materia de arte audiovisual, a fin de que las y los j\u00f3venes de la demarcaci\u00f3n se profesionalicen dentro de esta \u00e1rea y puedan encontrar un medio de expresi\u00f3n, [&hellip;]<\/p>\n","protected":false},"author":2,"featured_media":9287,"comment_status":"","ping_status":"","sticky":false,"template":"","format":"standard","meta":{"_monsterinsights_skip_tracking":false,"_monsterinsights_sitenote_active":false,"_monsterinsights_sitenote_note":"","_monsterinsights_sitenote_category":0,"footnotes":""},"categories":[6],"tags":[],"class_list":["post-9286","post","type-post","status-publish","format-standard","has-post-thumbnail","hentry","category-san-juan-del-rio"],"_links":{"self":[{"href":"https:\/\/informebajio.com.mx\/index.php?rest_route=\/wp\/v2\/posts\/9286","targetHints":{"allow":["GET"]}}],"collection":[{"href":"https:\/\/informebajio.com.mx\/index.php?rest_route=\/wp\/v2\/posts"}],"about":[{"href":"https:\/\/informebajio.com.mx\/index.php?rest_route=\/wp\/v2\/types\/post"}],"author":[{"embeddable":true,"href":"https:\/\/informebajio.com.mx\/index.php?rest_route=\/wp\/v2\/users\/2"}],"replies":[{"embeddable":true,"href":"https:\/\/informebajio.com.mx\/index.php?rest_route=%2Fwp%2Fv2%2Fcomments&post=9286"}],"version-history":[{"count":0,"href":"https:\/\/informebajio.com.mx\/index.php?rest_route=\/wp\/v2\/posts\/9286\/revisions"}],"wp:featuredmedia":[{"embeddable":true,"href":"https:\/\/informebajio.com.mx\/index.php?rest_route=\/wp\/v2\/media\/9287"}],"wp:attachment":[{"href":"https:\/\/informebajio.com.mx\/index.php?rest_route=%2Fwp%2Fv2%2Fmedia&parent=9286"}],"wp:term":[{"taxonomy":"category","embeddable":true,"href":"https:\/\/informebajio.com.mx\/index.php?rest_route=%2Fwp%2Fv2%2Fcategories&post=9286"},{"taxonomy":"post_tag","embeddable":true,"href":"https:\/\/informebajio.com.mx\/index.php?rest_route=%2Fwp%2Fv2%2Ftags&post=9286"}],"curies":[{"name":"wp","href":"https:\/\/api.w.org\/{rel}","templated":true}]}}