{"id":9304,"date":"2023-05-06T05:38:47","date_gmt":"2023-05-06T10:38:47","guid":{"rendered":"https:\/\/informebajio.com.mx\/?p=9304"},"modified":"2023-05-06T05:38:47","modified_gmt":"2023-05-06T10:38:47","slug":"dignifican-banquetas-de-avenida-juarez","status":"publish","type":"post","link":"https:\/\/informebajio.com.mx\/?p=9304","title":{"rendered":"Dignifican banquetas de avenida Ju\u00e1rez"},"content":{"rendered":"<div id=\"content-body-5851641-10016434\">\n<p>Como parte de las acciones para dignificar las condiciones de la <b><a rel=\"Follow noopener\" target=\"_self\" href=\"https:\/\/www.elsoldesanjuandelrio.com.mx\/local\/paradas-de-camiones-estan-destrozadas-9781703.html\">avenida Benito Ju\u00e1rez<\/a> en el Centro Hist\u00f3rico<\/b>, este jueves el<b> \u00e1rea de Servicios P\u00fablicos Municipales<\/b> comenz\u00f3 con la sustituci\u00f3n de mosaicos que estaban desgastados e incompletos debido al paso del tiempo.<\/p>\n<p>As\u00ed lo dio a conocer <b>Joaqu\u00edn Alfaro Reyes, <\/b>titular de esta dependencia, quien mencion\u00f3 que las intervenciones se van a prolongar a lo largo de las siguientes semanas, ya que pretenden dejar una zona c\u00e9ntrica que re\u00fana los aspectos para que las familias<b> puedan caminar libremente. <\/b><\/p>\n<p>Indic\u00f3 que la sustituci\u00f3n de los mosaicos se debe a que, por el paso del tiempo, estos sufrieron aver\u00edas o desprendimientos que, a su vez, se han derivado en pol\u00edgonos m\u00e1s grandes y que, para el paso de las personas,<b> han llegado a ocasionar tropiezos, situaci\u00f3n que buscan erradicar.<\/b><\/p>\n<p><i>\u201cEl presidente municipal nos ha encargado, tener un San Juan m\u00e1s bonito, y dejar en \u00f3ptimas condiciones la zona del Centro Hist\u00f3rico. Ya conseguimos las piezas y vamos a comenzar a ensamblarlas, no van a ser igual, pero casi similares, estamos en la parte que est\u00e1n muy da\u00f1ados y luego hacia los puestos de peri\u00f3dicos y dar una buena imagen de las calles\u201d.<\/i><\/p>\n<p>El funcionario dijo que, las piezas de mosaicos que estaban ya estaban colocadas o desprendidas, datan de hace d\u00e9cadas, y que, fue imposible conseguir unos que fueran id\u00e9nticos a los que permanecen, sin embargo, sostuvo que, van a ejecutar el <b>ensamble con unos que son similares.<\/b><\/p>\n<p><i>\u201cEs muy similar el que se consigui\u00f3 y con esto vamos a estar trabajando. Y nosotros estamos poniendo adoquines en Palacio, Guerrero y Mina, tambi\u00e9n en la calle de Mariano Abasolo, porque hay algunos que no est\u00e1n en buenas condiciones, pero que vamos a mejorar\u201d.<\/i><\/p>\n<p><b id=\"docs-internal-guid-ca0142c3-7fff-2f52-b0dc-5fb2f45a9e89\"><b>\u27a1\ufe0f <\/b><a href=\"https:\/\/oem.us16.list-manage.com\/subscribe?u=c04a811ee61dc85305bf7133b&amp;id=f1b85ee5bb\"><b><u>Suscr\u00edbete a nuestro Newsletter y recibe las notas m\u00e1s relevantes en tu correo<\/u><\/b><\/a><\/b><\/p>\n<p><b>OTRAS ARTERIAS<\/b><\/p>\n<p>Alfaro Reyes hizo menci\u00f3n en que, en la actualidad, se trabaja en la sustituci\u00f3n de adoquines en las <b>calles que convergen al coraz\u00f3n del municipio<\/b>, en donde, advirti\u00f3, no se les hab\u00eda dado mantenimiento desde hacer varios a\u00f1os e incluso desde que se intervinieron y ten\u00edan una gran cantidad de necesidades para la movilidad.<\/p>\n<\/div>\n<p><script>(function(d, s, id) {\nvar js, fjs = d.getElementsByTagName(s)[0];\nif (d.getElementById(id)) return;\njs = d.createElement(s); js.id = id;\njs.src = 'https:\/\/connect.facebook.net\/es_LA\/sdk.js#xfbml=1&version=v3.2&appId=232029482016746&autoLogAppEvents=1';\nfjs.parentNode.insertBefore(js, fjs);\n}(document, 'script', 'facebook-jssdk'));\n<\/script><\/p>\n","protected":false},"excerpt":{"rendered":"<p>Como parte de las acciones para dignificar las condiciones de la avenida Benito Ju\u00e1rez en el Centro Hist\u00f3rico, este jueves el \u00e1rea de Servicios P\u00fablicos Municipales comenz\u00f3 con la sustituci\u00f3n de mosaicos que estaban desgastados e incompletos debido al paso del tiempo. As\u00ed lo dio a conocer Joaqu\u00edn Alfaro Reyes, titular de esta dependencia, quien [&hellip;]<\/p>\n","protected":false},"author":2,"featured_media":9305,"comment_status":"","ping_status":"","sticky":false,"template":"","format":"standard","meta":{"_monsterinsights_skip_tracking":false,"_monsterinsights_sitenote_active":false,"_monsterinsights_sitenote_note":"","_monsterinsights_sitenote_category":0,"footnotes":""},"categories":[6],"tags":[],"class_list":["post-9304","post","type-post","status-publish","format-standard","has-post-thumbnail","hentry","category-san-juan-del-rio"],"_links":{"self":[{"href":"https:\/\/informebajio.com.mx\/index.php?rest_route=\/wp\/v2\/posts\/9304","targetHints":{"allow":["GET"]}}],"collection":[{"href":"https:\/\/informebajio.com.mx\/index.php?rest_route=\/wp\/v2\/posts"}],"about":[{"href":"https:\/\/informebajio.com.mx\/index.php?rest_route=\/wp\/v2\/types\/post"}],"author":[{"embeddable":true,"href":"https:\/\/informebajio.com.mx\/index.php?rest_route=\/wp\/v2\/users\/2"}],"replies":[{"embeddable":true,"href":"https:\/\/informebajio.com.mx\/index.php?rest_route=%2Fwp%2Fv2%2Fcomments&post=9304"}],"version-history":[{"count":0,"href":"https:\/\/informebajio.com.mx\/index.php?rest_route=\/wp\/v2\/posts\/9304\/revisions"}],"wp:featuredmedia":[{"embeddable":true,"href":"https:\/\/informebajio.com.mx\/index.php?rest_route=\/wp\/v2\/media\/9305"}],"wp:attachment":[{"href":"https:\/\/informebajio.com.mx\/index.php?rest_route=%2Fwp%2Fv2%2Fmedia&parent=9304"}],"wp:term":[{"taxonomy":"category","embeddable":true,"href":"https:\/\/informebajio.com.mx\/index.php?rest_route=%2Fwp%2Fv2%2Fcategories&post=9304"},{"taxonomy":"post_tag","embeddable":true,"href":"https:\/\/informebajio.com.mx\/index.php?rest_route=%2Fwp%2Fv2%2Ftags&post=9304"}],"curies":[{"name":"wp","href":"https:\/\/api.w.org\/{rel}","templated":true}]}}