{"id":9322,"date":"2023-05-06T11:39:25","date_gmt":"2023-05-06T16:39:25","guid":{"rendered":"https:\/\/informebajio.com.mx\/?p=9322"},"modified":"2023-05-06T11:39:25","modified_gmt":"2023-05-06T16:39:25","slug":"canacintra-a-la-espera-de-diez-posibles-inversiones","status":"publish","type":"post","link":"https:\/\/informebajio.com.mx\/?p=9322","title":{"rendered":"Canacintra a la espera de diez posibles inversiones"},"content":{"rendered":"<div id=\"content-body-5851641-10019587\">\n<p>Por lo menos<b> 10 proyectos de empresarios<\/b>, son los que analizan para que puedan llegar al <b><a rel=\"Follow noopener\" target=\"_self\" href=\"https:\/\/www.elsoldesanjuandelrio.com.mx\/local\/empresarios-sanjuanenses-abrieron-puerta-a-inversion-9230425.html\">municipio de San Juan del R\u00edo<\/a><\/b>, en donde destaca el <b>sector automotriz<\/b> principalmente,<b> refiri\u00f3 Manuel Rivadeneira D\u00edaz, <\/b>presidente de la C\u00e1mara Nacional de la Industria de la Transformaci\u00f3n <b>(Canacintra)<\/b> en esta ciudad.<\/p>\n<p>Manifest\u00f3 que, por ahora el estatus es el estudio de campo, puesto que se visualiza o compite con otras demarcaciones o entidades, con el prop\u00f3sito de que se pueda resolver a<b> necesidades financieras<\/b> o bien, de movilidad para las empresas, tomando en cuenta sus proyecciones. <\/p>\n<p>En lo que corresponde a la <b>Canacintra<\/b>, el empresario sanjuanenses declar\u00f3 que, en coordinaci\u00f3n con el Municipio, les hacen ver a los inversionistas todos los atributos con los que se cuenta, desde luego comenzando por el tema de la cercan\u00eda con la capital del pa\u00eds y el acceso a la<b> autopista federal 57. <\/b><\/p>\n<p><i>\u201cBueno los proyectos son de privados, pero y hablar\u00eda de entre unos cinco a diez casos de empresas que nos parece que sus intenciones es seria para venir a San Juan, son del giro del sector automotriz, el tema de manufactura en general, tambi\u00e9n tiene que ver con productos como pinturas\u201d.<\/i><\/p>\n<p>Se\u00f1al\u00f3 que todos los procesos de an\u00e1lisis se llevan tiempo porque tienen que haber diferentes aspectos, pero que espera que por lo menos m\u00e1s de la mitad puedan concretarse y a su vez, generar oportunidades de <b>empleo para los sanjuanenses y quienes llegan.<\/b><\/p>\n<p><b>Rivadeneira D\u00edaz <\/b>expuso que continuamente de las universidades de esta ciudad salen decenas de talentosos profesionistas quienes buscan quedarse a laborar en esta regi\u00f3n, y que esto es uno de los motivos que los impulsa a no bajar la guardia en cuanto a la <b>promoci\u00f3n del municipio.<\/b><\/p>\n<p><b id=\"docs-internal-guid-8aa0409e-7fff-209f-ac1d-9bc87b4fa547\"><b>\u27a1\ufe0f <\/b><a href=\"https:\/\/oem.us16.list-manage.com\/subscribe?u=c04a811ee61dc85305bf7133b&amp;id=f1b85ee5bb\"><b><u>Suscr\u00edbete a nuestro Newsletter y recibe las notas m\u00e1s relevantes en tu correo<\/u><\/b><\/a><\/b><\/p>\n<p>\u201cSeguramente en los pr\u00f3ximos dos o tres meses debe haber algunos avances importantes recordemos que todo lleva su tiempo porque toman en cuenta muchos aspectos. La promoci\u00f3n que ha hecho nuestro gobernador de Quer\u00e9taro Mauricio Kuri ha sido muy importante para que sigan volteando los ojos hacia esta tierra\u201d, detall\u00f3 el presidente de <b>Canacintra.<\/b><\/p>\n<\/div>\n<p><script>(function(d, s, id) {\nvar js, fjs = d.getElementsByTagName(s)[0];\nif (d.getElementById(id)) return;\njs = d.createElement(s); js.id = id;\njs.src = 'https:\/\/connect.facebook.net\/es_LA\/sdk.js#xfbml=1&version=v3.2&appId=232029482016746&autoLogAppEvents=1';\nfjs.parentNode.insertBefore(js, fjs);\n}(document, 'script', 'facebook-jssdk'));\n<\/script><\/p>\n","protected":false},"excerpt":{"rendered":"<p>Por lo menos 10 proyectos de empresarios, son los que analizan para que puedan llegar al municipio de San Juan del R\u00edo, en donde destaca el sector automotriz principalmente, refiri\u00f3 Manuel Rivadeneira D\u00edaz, presidente de la C\u00e1mara Nacional de la Industria de la Transformaci\u00f3n (Canacintra) en esta ciudad. Manifest\u00f3 que, por ahora el estatus es [&hellip;]<\/p>\n","protected":false},"author":2,"featured_media":9323,"comment_status":"","ping_status":"","sticky":false,"template":"","format":"standard","meta":{"_monsterinsights_skip_tracking":false,"_monsterinsights_sitenote_active":false,"_monsterinsights_sitenote_note":"","_monsterinsights_sitenote_category":0,"footnotes":""},"categories":[6],"tags":[],"class_list":["post-9322","post","type-post","status-publish","format-standard","has-post-thumbnail","hentry","category-san-juan-del-rio"],"_links":{"self":[{"href":"https:\/\/informebajio.com.mx\/index.php?rest_route=\/wp\/v2\/posts\/9322","targetHints":{"allow":["GET"]}}],"collection":[{"href":"https:\/\/informebajio.com.mx\/index.php?rest_route=\/wp\/v2\/posts"}],"about":[{"href":"https:\/\/informebajio.com.mx\/index.php?rest_route=\/wp\/v2\/types\/post"}],"author":[{"embeddable":true,"href":"https:\/\/informebajio.com.mx\/index.php?rest_route=\/wp\/v2\/users\/2"}],"replies":[{"embeddable":true,"href":"https:\/\/informebajio.com.mx\/index.php?rest_route=%2Fwp%2Fv2%2Fcomments&post=9322"}],"version-history":[{"count":0,"href":"https:\/\/informebajio.com.mx\/index.php?rest_route=\/wp\/v2\/posts\/9322\/revisions"}],"wp:featuredmedia":[{"embeddable":true,"href":"https:\/\/informebajio.com.mx\/index.php?rest_route=\/wp\/v2\/media\/9323"}],"wp:attachment":[{"href":"https:\/\/informebajio.com.mx\/index.php?rest_route=%2Fwp%2Fv2%2Fmedia&parent=9322"}],"wp:term":[{"taxonomy":"category","embeddable":true,"href":"https:\/\/informebajio.com.mx\/index.php?rest_route=%2Fwp%2Fv2%2Fcategories&post=9322"},{"taxonomy":"post_tag","embeddable":true,"href":"https:\/\/informebajio.com.mx\/index.php?rest_route=%2Fwp%2Fv2%2Ftags&post=9322"}],"curies":[{"name":"wp","href":"https:\/\/api.w.org\/{rel}","templated":true}]}}