{"id":9342,"date":"2023-05-06T17:39:45","date_gmt":"2023-05-06T22:39:45","guid":{"rendered":"https:\/\/informebajio.com.mx\/?p=9342"},"modified":"2023-05-06T17:39:45","modified_gmt":"2023-05-06T22:39:45","slug":"repunta-produccion-de-nopal-verdulero-en-amealco","status":"publish","type":"post","link":"https:\/\/informebajio.com.mx\/?p=9342","title":{"rendered":"Repunta producci\u00f3n de nopal verdulero en Amealco"},"content":{"rendered":"<div id=\"content-body-5851641-10016280\">\n<p>Con el paso de los meses, <b>la producci\u00f3n de nopal en la comunidad de El Varal<\/b>, en el <b>municipio de Amealco <\/b>de Bonfil, ha ido en incremento y con ello su aprovechamiento para la <b><a rel=\"Follow noopener\" target=\"_self\" href=\"https:\/\/www.elsoldesanjuandelrio.com.mx\/local\/se-acaban-escamoles-por-la-falta-de-lluvias-9852043.html\">comercializaci\u00f3n<\/a><\/b>, as\u00ed lo dio a conocer Octavio Agust\u00edn Ces\u00e1reo, productor que consolid\u00f3 la <b>marca &#8220;Nopalitos El Varal&#8221;.<\/b><\/p>\n<p>Destac\u00f3 que lo que \u00e9l elabora, le ha permitido cruzar las fronteras, y pretende seguir abri\u00e9ndose paso para que conozcan la amplia gama de productos con la que cuentan en la actualidad, tomando en cuenta las oportunidades de trabajo que hay para su comunidad.<\/p>\n<p><i>\u201cEstamos en una fase de seguir ampliando el terreno y que esto se convierta en m\u00e1s oportunidades de empleo para todas las personas que viven ac\u00e1, recordemos que estamos lejos de la cabecera municipal y es poco com\u00fan conseguir trabajo, aqu\u00ed tenemos de todo lo que se deriva de los nopales\u201d.<\/i><\/p>\n<p>Y en la b\u00fasqueda de seguir generando oportunidades de darse a conocer, ha solicitado la intervenci\u00f3n y apoyo del gobernador del estado de Quer\u00e9taro,<b> Mauricio Kuri Gonz\u00e1lez, para que sus bolsitas de dulces cristalizados se puedan vender en las tiendas de la entidad.<\/b><\/p>\n<p>En este sentido, recientemente, el secretario de<b> Desarrollo Agropecuario, Rosendo Anaya<\/b>, visit\u00f3 a productores de <b>la comunidad El Varal, en Amealco de Bonfil,<\/b> para conocer la producci\u00f3n y derivados del nopal, donde los agricultores aprovechan las tierras de temporal y cambiaron la siembra de ma\u00edz por este cultivo alternativo, generando beneficios econ\u00f3micos y trabajo para mujeres de la regi\u00f3n.<\/p>\n<p>En su paso por esta localidad, el funcionario estatal constat\u00f3 que, <b>la organizaci\u00f3n Nopalitos El Varal<\/b> est\u00e1 conformada por m\u00e1s de 100 productores de este municipio, se distingue por su capacidad de optimizar, con \u00e9xito, las oportunidades que la naturaleza pone en su camino y haciendo uso de ingredientes obtenidos en la misma regi\u00f3n.<\/p>\n<p><b>Tal es el caso de la tuna y nopal silvestre<\/b>, elaboran productos deshidratados, envasados o de ornato y actualmente ya comercializan diversas variedades.<\/p>\n<p><b id=\"docs-internal-guid-3b9fcc3f-7fff-14d5-e2b4-bafa8bd74811\"><b>\u27a1\ufe0f <\/b><a href=\"https:\/\/oem.us16.list-manage.com\/subscribe?u=c04a811ee61dc85305bf7133b&amp;id=f1b85ee5bb\"><b><u>Suscr\u00edbete a nuestro Newsletter y recibe las notas m\u00e1s relevantes en tu correo<\/u><\/b><\/a><\/b><\/p>\n<p><b>FERIA<\/b><\/p>\n<p>A principios del mes pasado, el se\u00f1or Agust\u00edn llev\u00f3 a cabo la segunda feria del nopal, en donde decenas de personas acudieron a disfrutar de este evento.<\/p>\n<\/div>\n<p><script>(function(d, s, id) {\nvar js, fjs = d.getElementsByTagName(s)[0];\nif (d.getElementById(id)) return;\njs = d.createElement(s); js.id = id;\njs.src = 'https:\/\/connect.facebook.net\/es_LA\/sdk.js#xfbml=1&version=v3.2&appId=232029482016746&autoLogAppEvents=1';\nfjs.parentNode.insertBefore(js, fjs);\n}(document, 'script', 'facebook-jssdk'));\n<\/script><\/p>\n","protected":false},"excerpt":{"rendered":"<p>Con el paso de los meses, la producci\u00f3n de nopal en la comunidad de El Varal, en el municipio de Amealco de Bonfil, ha ido en incremento y con ello su aprovechamiento para la comercializaci\u00f3n, as\u00ed lo dio a conocer Octavio Agust\u00edn Ces\u00e1reo, productor que consolid\u00f3 la marca &#8220;Nopalitos El Varal&#8221;. Destac\u00f3 que lo que [&hellip;]<\/p>\n","protected":false},"author":2,"featured_media":9343,"comment_status":"","ping_status":"","sticky":false,"template":"","format":"standard","meta":{"_monsterinsights_skip_tracking":false,"_monsterinsights_sitenote_active":false,"_monsterinsights_sitenote_note":"","_monsterinsights_sitenote_category":0,"footnotes":""},"categories":[6],"tags":[],"class_list":["post-9342","post","type-post","status-publish","format-standard","has-post-thumbnail","hentry","category-san-juan-del-rio"],"_links":{"self":[{"href":"https:\/\/informebajio.com.mx\/index.php?rest_route=\/wp\/v2\/posts\/9342","targetHints":{"allow":["GET"]}}],"collection":[{"href":"https:\/\/informebajio.com.mx\/index.php?rest_route=\/wp\/v2\/posts"}],"about":[{"href":"https:\/\/informebajio.com.mx\/index.php?rest_route=\/wp\/v2\/types\/post"}],"author":[{"embeddable":true,"href":"https:\/\/informebajio.com.mx\/index.php?rest_route=\/wp\/v2\/users\/2"}],"replies":[{"embeddable":true,"href":"https:\/\/informebajio.com.mx\/index.php?rest_route=%2Fwp%2Fv2%2Fcomments&post=9342"}],"version-history":[{"count":0,"href":"https:\/\/informebajio.com.mx\/index.php?rest_route=\/wp\/v2\/posts\/9342\/revisions"}],"wp:featuredmedia":[{"embeddable":true,"href":"https:\/\/informebajio.com.mx\/index.php?rest_route=\/wp\/v2\/media\/9343"}],"wp:attachment":[{"href":"https:\/\/informebajio.com.mx\/index.php?rest_route=%2Fwp%2Fv2%2Fmedia&parent=9342"}],"wp:term":[{"taxonomy":"category","embeddable":true,"href":"https:\/\/informebajio.com.mx\/index.php?rest_route=%2Fwp%2Fv2%2Fcategories&post=9342"},{"taxonomy":"post_tag","embeddable":true,"href":"https:\/\/informebajio.com.mx\/index.php?rest_route=%2Fwp%2Fv2%2Ftags&post=9342"}],"curies":[{"name":"wp","href":"https:\/\/api.w.org\/{rel}","templated":true}]}}