{"id":9356,"date":"2023-05-06T23:40:52","date_gmt":"2023-05-07T04:40:52","guid":{"rendered":"https:\/\/informebajio.com.mx\/?p=9356"},"modified":"2023-05-06T23:40:52","modified_gmt":"2023-05-07T04:40:52","slug":"activa-conagua-temporada-de-ciclones-2023","status":"publish","type":"post","link":"https:\/\/informebajio.com.mx\/?p=9356","title":{"rendered":"Activa Conagua temporada de ciclones 2023"},"content":{"rendered":"<div id=\"content-body-5851641-10019031\">\n<p><b>Este a\u00f1o se pronostica una temporada de ciclones tropicales y lluvias m\u00e1s activa<\/b> dado que a partir de mayo comenzar\u00e1 con sus efectos el fen\u00f3meno climatol\u00f3gico \u201cEl Ni\u00f1o\u201d, de acuerdo al <b>Servicio Meteorol\u00f3gico Nacional <\/b>(SMN).<\/p>\n<p>Este organismo dependiente de la <b><a rel=\"Follow noopener\" target=\"_self\" href=\"https:\/\/www.elsoldesanjuandelrio.com.mx\/local\/habra-51-frentes-frios-para-la-epoca-invernal-8962807.html\">Comisi\u00f3n Nacional del Agua<\/a><\/b> (Conagua), en conferencia de prensa virtual, dio a conocer que este a\u00f1o <b>en el pacifico se esperan de 16 a 22 fen\u00f3menos meteorol\u00f3gicos<\/b> entre ellos; de nueve a 11 tormentas tropicales, de cuatro a seis huracanes de categor\u00eda 1 a 2, y de tres a cinco huracanes de categor\u00eda 3, 4 o 5.<\/p>\n<p>Mientras que <b>para el atl\u00e1ntico, se esperan de siete a nueve tormentas tropicales<\/b>, de uno a tres huracanes de categor\u00eda 1 o 2, y de dos a cuatro huracanes de categor\u00eda 3, 4 o 5, todos ellos, con efectos en el centro del pa\u00eds y por consecuencia en el municipio de San Juan del R\u00edo.<\/p>\n<p>Se dio a conocer asimismo la <b>lista de nombres que tendr\u00e1n estos fen\u00f3menos,<\/b> por lo que para el caso del <b>pacifico; el primero ser\u00e1: Adri\u00e1n<\/b>, el segundo Beatriz, el tercero Calvin, el cuarto Dora, el quinto Eugene, el sexto Fernanda y otros m\u00e1s conforme vayan transcurriendo.<\/p>\n<p>En el caso del <b>atl\u00e1ntico, se comenzar\u00e1 con el nombre de; Arlene, <\/b>el segundo Bret, el tercero Cindy, el cuarto Don, el quinto Emily y el sexto Franklin, por lo que de igual manera conforme transcurran se conocer\u00e1n los dem\u00e1s nombres.<\/p>\n<p>La dependencia federal explic\u00f3 que <b>en los \u00faltimos tres a\u00f1os se ha tenido la presencia del fen\u00f3meno climatol\u00f3gico \u201cLa Ni\u00f1a\u201d<\/b>, este favorecedor mayormente a la generaci\u00f3n de ciclones tropicales en el atl\u00e1ntico y menos cantidad en el pacifico, debido a su enfriamiento en la superficie oce\u00e1nica.<\/p>\n<p><b>\u27a1\ufe0f <\/b><a href=\"https:\/\/oem.us16.list-manage.com\/subscribe?u=c04a811ee61dc85305bf7133b&amp;id=f1b85ee5bb\"><b>Suscr\u00edbete a nuestro Newsletter y recibe las notas m\u00e1s relevantes en tu correo<\/b><\/a><b\/><\/p>\n<p><i>\u201cEn el caso del a\u00f1o 2022, esta condici\u00f3n no se cumpli\u00f3 por la presencia del polvo del Sahara en el atl\u00e1ntico\u201d, <\/i>pero actualmente se tiene la condici\u00f3n de \u201cEl Ni\u00f1o\u201d, efecto que de acuerdo al \u00faltimo reporte emitido por el Centro de Predicci\u00f3n Clim\u00e1tica y el Instituto Internacional de Investigaci\u00f3n para el Clima y la Sociedad, se detall\u00f3 que durante este mes de mayo, se presentar\u00e1 mayormente el cual predominar\u00e1 durante todo el 2023, prolong\u00e1ndose las lluvias hasta diciembre , por lo que se prev\u00e9 que alcance una categor\u00eda de intenso.<\/p>\n<\/div>\n<p><script>(function(d, s, id) {\nvar js, fjs = d.getElementsByTagName(s)[0];\nif (d.getElementById(id)) return;\njs = d.createElement(s); js.id = id;\njs.src = 'https:\/\/connect.facebook.net\/es_LA\/sdk.js#xfbml=1&version=v3.2&appId=232029482016746&autoLogAppEvents=1';\nfjs.parentNode.insertBefore(js, fjs);\n}(document, 'script', 'facebook-jssdk'));\n<\/script><\/p>\n","protected":false},"excerpt":{"rendered":"<p>Este a\u00f1o se pronostica una temporada de ciclones tropicales y lluvias m\u00e1s activa dado que a partir de mayo comenzar\u00e1 con sus efectos el fen\u00f3meno climatol\u00f3gico \u201cEl Ni\u00f1o\u201d, de acuerdo al Servicio Meteorol\u00f3gico Nacional (SMN). Este organismo dependiente de la Comisi\u00f3n Nacional del Agua (Conagua), en conferencia de prensa virtual, dio a conocer que este [&hellip;]<\/p>\n","protected":false},"author":2,"featured_media":9357,"comment_status":"","ping_status":"","sticky":false,"template":"","format":"standard","meta":{"_monsterinsights_skip_tracking":false,"_monsterinsights_sitenote_active":false,"_monsterinsights_sitenote_note":"","_monsterinsights_sitenote_category":0,"footnotes":""},"categories":[6],"tags":[],"class_list":["post-9356","post","type-post","status-publish","format-standard","has-post-thumbnail","hentry","category-san-juan-del-rio"],"_links":{"self":[{"href":"https:\/\/informebajio.com.mx\/index.php?rest_route=\/wp\/v2\/posts\/9356","targetHints":{"allow":["GET"]}}],"collection":[{"href":"https:\/\/informebajio.com.mx\/index.php?rest_route=\/wp\/v2\/posts"}],"about":[{"href":"https:\/\/informebajio.com.mx\/index.php?rest_route=\/wp\/v2\/types\/post"}],"author":[{"embeddable":true,"href":"https:\/\/informebajio.com.mx\/index.php?rest_route=\/wp\/v2\/users\/2"}],"replies":[{"embeddable":true,"href":"https:\/\/informebajio.com.mx\/index.php?rest_route=%2Fwp%2Fv2%2Fcomments&post=9356"}],"version-history":[{"count":0,"href":"https:\/\/informebajio.com.mx\/index.php?rest_route=\/wp\/v2\/posts\/9356\/revisions"}],"wp:featuredmedia":[{"embeddable":true,"href":"https:\/\/informebajio.com.mx\/index.php?rest_route=\/wp\/v2\/media\/9357"}],"wp:attachment":[{"href":"https:\/\/informebajio.com.mx\/index.php?rest_route=%2Fwp%2Fv2%2Fmedia&parent=9356"}],"wp:term":[{"taxonomy":"category","embeddable":true,"href":"https:\/\/informebajio.com.mx\/index.php?rest_route=%2Fwp%2Fv2%2Fcategories&post=9356"},{"taxonomy":"post_tag","embeddable":true,"href":"https:\/\/informebajio.com.mx\/index.php?rest_route=%2Fwp%2Fv2%2Ftags&post=9356"}],"curies":[{"name":"wp","href":"https:\/\/api.w.org\/{rel}","templated":true}]}}