{"id":9358,"date":"2023-05-07T00:16:43","date_gmt":"2023-05-07T05:16:43","guid":{"rendered":"https:\/\/informebajio.com.mx\/?p=9358"},"modified":"2023-05-07T00:16:43","modified_gmt":"2023-05-07T05:16:43","slug":"roberto-cabrera-asiste-a-toma-de-protesta-de-bandera-de-personal-del-servicio-militar-nacional","status":"publish","type":"post","link":"https:\/\/informebajio.com.mx\/?p=9358","title":{"rendered":"Roberto Cabrera asiste a Toma de Protesta de Bandera de personal del Servicio Militar Nacional"},"content":{"rendered":"<div>\n<p>Noticias<\/p>\n<p>El presidente municipal de San Juan del R\u00edo, Roberto Cabrera Valencia, acompa\u00f1\u00f3 al coronel del Arma Blindada, \u00d3scar Alfonso Zenteno Villag\u00f3mez, comandante del S\u00e9ptimo Regimiento Mecanizado La Llave, a la Toma de Protesta de Bandera al Personal del Servicio Militar Nacional, clase 2004, remisos y mujeres voluntarias.<\/p>\n<p>Durante el evento, realizado en las instalaciones militares, el comandante \u00d3scar Alfonso Zenteno record\u00f3 la Batalla de Puebla que se libr\u00f3 entre los Ej\u00e9rcitos de M\u00e9xico y Francia. En este sentido, resalt\u00f3 que la unidad nacional de las y los mexicanos es la defensa m\u00e1s importante. Destac\u00f3 que la ciudadan\u00eda est\u00e1 llamada a la defensa de la naci\u00f3n para consolidar un M\u00e9xico federal, justo, democr\u00e1tico e incluyente.<\/p>\n<p><!-- Composite Start --><\/p>\n<p><!-- Composite End --><\/p>\n<p>\u201cJ\u00f3venes soldados del Servicio Militar Nacional, estamos obligados a trabajar por la naci\u00f3n que nos ha sido legado con valent\u00eda, hero\u00edsmo y patriotismo. Estamos obligados a trabajar intensamente para mantener la grandeza de nuestro querido M\u00e9xico; de todos nuestros deberes, el m\u00e1s elevado y m\u00e1s honroso es servir a la patria. (\u2026) Al protestar defender nuestro L\u00e1baro Patrio, refrendan su identidad nacional y su compromiso con el pueblo de M\u00e9xico\u201d, sostuvo.<\/p>\n<p>En el acto estuvieron presentes la regidora presidenta de la Comisi\u00f3n de Asuntos de la Juventud del Ayuntamiento de San Juan del R\u00edo, Itzel Abigail Guerrero Soto; la secretaria de Gobierno municipal, Bibiana Rodr\u00edguez Montes, y el encargado de la Junta Municipal de Reclutamiento, Miguel \u00c1ngel L\u00f3pez Ugalde.<\/p>\n<p><img loading=\"lazy\" decoding=\"async\" class=\"alignnone wp-image-598032 size-full\" src=\"https:\/\/cdn.noticiasdequeretaro.com.mx\/wp-content\/uploads\/2023\/05\/06122802\/photo_5093766277901691767_y.jpg\" alt=\"\" width=\"1280\" height=\"853\" srcset=\"https:\/\/cdn.noticiasdequeretaro.com.mx\/wp-content\/uploads\/2023\/05\/06122802\/photo_5093766277901691767_y.jpg 1280w, https:\/\/cdn.noticiasdequeretaro.com.mx\/wp-content\/uploads\/2023\/05\/06122802\/photo_5093766277901691767_y-600x400.jpg 600w, https:\/\/cdn.noticiasdequeretaro.com.mx\/wp-content\/uploads\/2023\/05\/06122802\/photo_5093766277901691767_y-1024x682.jpg 1024w, https:\/\/cdn.noticiasdequeretaro.com.mx\/wp-content\/uploads\/2023\/05\/06122802\/photo_5093766277901691767_y-300x200.jpg 300w, https:\/\/cdn.noticiasdequeretaro.com.mx\/wp-content\/uploads\/2023\/05\/06122802\/photo_5093766277901691767_y-768x512.jpg 768w\" sizes=\"auto, (max-width: 1280px) 100vw, 1280px\"\/><\/p>\n<\/div>\n<p><\/p>\n","protected":false},"excerpt":{"rendered":"<p>Noticias El presidente municipal de San Juan del R\u00edo, Roberto Cabrera Valencia, acompa\u00f1\u00f3 al coronel del Arma Blindada, \u00d3scar Alfonso Zenteno Villag\u00f3mez, comandante del S\u00e9ptimo Regimiento Mecanizado La Llave, a la Toma de Protesta de Bandera al Personal del Servicio Militar Nacional, clase 2004, remisos y mujeres voluntarias. Durante el evento, realizado en las instalaciones [&hellip;]<\/p>\n","protected":false},"author":2,"featured_media":9359,"comment_status":"","ping_status":"","sticky":false,"template":"","format":"standard","meta":{"_monsterinsights_skip_tracking":false,"_monsterinsights_sitenote_active":false,"_monsterinsights_sitenote_note":"","_monsterinsights_sitenote_category":0,"footnotes":""},"categories":[4],"tags":[],"class_list":["post-9358","post","type-post","status-publish","format-standard","has-post-thumbnail","hentry","category-queretaro"],"_links":{"self":[{"href":"https:\/\/informebajio.com.mx\/index.php?rest_route=\/wp\/v2\/posts\/9358","targetHints":{"allow":["GET"]}}],"collection":[{"href":"https:\/\/informebajio.com.mx\/index.php?rest_route=\/wp\/v2\/posts"}],"about":[{"href":"https:\/\/informebajio.com.mx\/index.php?rest_route=\/wp\/v2\/types\/post"}],"author":[{"embeddable":true,"href":"https:\/\/informebajio.com.mx\/index.php?rest_route=\/wp\/v2\/users\/2"}],"replies":[{"embeddable":true,"href":"https:\/\/informebajio.com.mx\/index.php?rest_route=%2Fwp%2Fv2%2Fcomments&post=9358"}],"version-history":[{"count":0,"href":"https:\/\/informebajio.com.mx\/index.php?rest_route=\/wp\/v2\/posts\/9358\/revisions"}],"wp:featuredmedia":[{"embeddable":true,"href":"https:\/\/informebajio.com.mx\/index.php?rest_route=\/wp\/v2\/media\/9359"}],"wp:attachment":[{"href":"https:\/\/informebajio.com.mx\/index.php?rest_route=%2Fwp%2Fv2%2Fmedia&parent=9358"}],"wp:term":[{"taxonomy":"category","embeddable":true,"href":"https:\/\/informebajio.com.mx\/index.php?rest_route=%2Fwp%2Fv2%2Fcategories&post=9358"},{"taxonomy":"post_tag","embeddable":true,"href":"https:\/\/informebajio.com.mx\/index.php?rest_route=%2Fwp%2Fv2%2Ftags&post=9358"}],"curies":[{"name":"wp","href":"https:\/\/api.w.org\/{rel}","templated":true}]}}