{"id":9368,"date":"2023-05-07T08:02:21","date_gmt":"2023-05-07T13:02:21","guid":{"rendered":"https:\/\/informebajio.com.mx\/?p=9368"},"modified":"2023-05-07T08:02:21","modified_gmt":"2023-05-07T13:02:21","slug":"el-mayo-frances-2023-recuerda-el-mayo-2009","status":"publish","type":"post","link":"https:\/\/informebajio.com.mx\/?p=9368","title":{"rendered":"El mayo franc\u00e9s 2023 recuerda el mayo 2009"},"content":{"rendered":"<div id=\"content_nitf\">\n<p>Sin precedente en el mundo, este 1\u00ba de mayo, 2.3 millones marcharon en las 300 manifestaciones en Francia. Fueron reprimidas salvajemente por la polic\u00eda, sin poder detenerlas. El rechazo a la reforma de la Ley de Retiro se hizo presente desde enero de 2023. Con gran esp\u00edritu contestatario, desde entonces han ocurrido manifestaciones, huelgas, acciones e iniciativas locales en las empresas, en los servicios p\u00fablicos, escuelas y universidades. La intersindical ha movilizado a millones de trabajadores, j\u00f3venes y jubilados; logrando que el D\u00eda Internacional de los Trabajadores todo el espectro sindical marchara unido, hecho no visto desde 2009. Lo que se ve es la violencia excesiva policiaca nunca faltante, al menos, desde Chirac, 1995, a la fecha, cuatro presidentes, 28 a\u00f1os.<\/p>\n<p>El 18 de abril de 2023, la intersindical llama a movilizaci\u00f3n masiva, unitaria y popular en todo el territorio. Confirma que no habr\u00e1 reuni\u00f3n con el gobierno de Macron. El sindicato de ferrocarriles-SNCF expresa el 20 de abril su enojo ante la decretada ley, acelerando m\u00e1quina hacia el 1\u00ba de mayo. La reforma, repudiada por toda Francia, decreta pasar de 62 a 64 a\u00f1os para la jubilaci\u00f3n, 43, y no 42 a\u00f1os de trabajo para pensi\u00f3n completa; adem\u00e1s suprimir\u00e1 varios derechos laborales hist\u00f3ricamente ganados.<\/p>\n<p>El 21 de abril la CGT promete 100 d\u00edas de c\u00f3lera; los electricistas dejar\u00e1n en la oscuridad el Festival de Cannes, el de Avi\u00f1\u00f3n, el Gran Premio de M\u00f3naco y Roland-Garros.<\/p>\n<p>El 24 de abril el inquilino del El\u00edseo da la impresi\u00f3n de saberse m\u00e1s impopular que nunca, teme que su mandato se paralice, lanza su <em>operaci\u00f3n catarsis<\/em>; omnipresencia en los medios <em>ad nauseam<\/em>. En Lyon el ministro de Educaci\u00f3n, Pap Ndiaye, finalmente no acude al Instituto Nacional Superior de Ense\u00f1anza y Educaci\u00f3n por la presencia de 100 manifestantes; la polic\u00eda dispara gases lacrim\u00f3genos. Ese mismo d\u00eda, <em>La Jornada<\/em> publica \u201cEl mundo imaginario de Macron\u201d, de Tatiana Coll. Escribe que el El\u00edseo program\u00f3, el 22 de abril, visitas a peque\u00f1as ciudades de todos sus ministros y que \u201cun n\u00famero incre\u00edble de polic\u00edas\u201d rodearon a cientos de cacerolistas, concluye diciendo que Macron en su sexto a\u00f1o de gobierno se encuentra en franca debilidad. Raquel Villa\u00e9cija, en <em>El Mundo<\/em>, anota: Macron intenta <em>resetear<\/em> su mandato maldito.<\/p>\n<p>El martes 25 de abril el jefe del Estado se desplaza a la casa de salud en Vend\u00f4me donde toma notas, escucha y hace preguntas a los trabajadores sanitarios. El tema, en \u00adLoir-et-Cher, no era la salud, sino romper la imagen del presidente monarca. Adem\u00e1s de las barreras de seguridad, lleva un cami\u00f3n con un electrogenerador, \u00bfmiedo a la oscuridad? En el cementerio, largos cordones de polic\u00eda, C\u00e9line Verzeletti lidera un grupo que se re\u00fane con los sindicatos locales; lleva tres a\u00f1os en todas las manifestaciones anti-Macron. Las cacerolas, finalmente, resuenan sanas y salvas, pero lejos de la zona monitoreada. Decenas de quejosos sobre ruta nacional 10. Macron contesta no hay opci\u00f3n.<\/p>\n<p>El 29 de abril se protesta en la final de la Copa de Francia. La lucha de clases se muestra de mil modos. El lunes representantes gremiales de varios pa\u00edses en Par\u00eds. Los sindicatos esperan que el Consejo Constitucional valide el referendo el 3 de mayo, y el martes 2 la intersindical llama a otra movilizaci\u00f3n el 6 de junio.<\/p>\n<p>Como un <em>d\u00e9j\u00e0 vu<\/em> de 2009, donde estuvieron en huelga 80 universidades m\u00e1s de tres meses. Miles de profesores e investigadores ante el soberbio Sarkozy, marchan en Francia desde la educaci\u00f3n maternal hasta la universitaria. El 27 de enero de 2009, la Universidad Par\u00eds III en huelga. El 19 de marzo 3 millones participan en 219 manifestaciones en todo el pa\u00eds. La Asamblea Nacional de Universidades, el 29 de abril, llama a no organizar ex\u00e1menes hasta lograr sus reivindicaciones. El 2 de febrero la Coordinaci\u00f3n Nacional de Universidades hab\u00eda llamado a la huelga total; la universidad y la investigaci\u00f3n se paran. El 14 de mayo, 29 acad\u00e9micos de alto nivel exigen al Ministerio de Educaci\u00f3n Superior e Investigaci\u00f3n sea eficaz responsable del conjunto de la educaci\u00f3n superior, le recuerdan a la ministra Val\u00e9rie P\u00e9cresse que la universidad es responsable de entregar una formaci\u00f3n inicial y continua, que tiene que formar una ciudadan\u00eda democr\u00e1tica ilustrada; exigen financiar a cada estudiante, evitar la pauperizaci\u00f3n y degradaci\u00f3n intelectual, que los colectivos de profesores-investigadores sean contrapesos efectivos frente a los presidentes y consejo administrativo de la universidad. La cercan\u00eda de los ex\u00e1menes caus\u00f3 que, sin dejar de luchar, las universidades levantaran la huelga. El 21 de mayo s\u00f3lo quedan dos universidades que resisten. A principios de junio de 2009, Par\u00eds IV Sorbona cede y luego Toulouse II.<\/p>\n<p>Lo que se experiment\u00f3 en 2009, como en 2023 que a\u00fan corre en Francia, son luchas nunca vistas en el mundo, en algunos pa\u00edses menos que en otros. Hay primeros de mayo y primeros de mayo. Veamos qu\u00e9 pasa en el junio franc\u00e9s.<\/p>\n<p>* Doctor en ingenier\u00eda de procesos. Autor de La educaci\u00f3n francesa se disputa en las calles<\/p>\n<\/div>\n<p><script>\n      !function(f,b,e,v,n,t,s)\n      {if(f.fbq)return;n=f.fbq=function(){n.callMethod?\n      n.callMethod.apply(n,arguments):n.queue.push(arguments)};\n      if(!f._fbq)f._fbq=n;n.push=n;n.loaded=!0;n.version='2.0';\n      n.queue=[];t=b.createElement(e);t.async=!0;\n      t.src=v;s=b.getElementsByTagName(e)[0];\n      s.parentNode.insertBefore(t,s)}(window, document,'script',\n      'https:\/\/connect.facebook.net\/en_US\/fbevents.js');\n      fbq('init', '133913093805922');\n      fbq('track', 'PageView');\n      fbq('track', 'Contact');\n      fbq('track', 'Donate');\n      fbq('track', 'FindLocation');\n      fbq('track', 'Lead');\n      fbq('track', 'Search');\n      fbq('track', 'Subscribe', {value: '0.00', currency: 'MXN', predicted_ltv: '0.00'});\n      fbq('track', 'ViewContent');\n    <\/script><script type=\"text\/javascript\">(function(d, s, id) {\n\t  var js, fjs = d.getElementsByTagName(s)[0];\n\t  if (d.getElementById(id)) return;\n\t  js = d.createElement(s); js.id = id;\n\t  js.src = \"\/\/connect.facebook.net\/es_LA\/sdk.js#xfbml=1&amp;version=v3.3&amp;appId=774389309362880\";\n\t  fjs.parentNode.insertBefore(js, fjs);\n\t}(document, 'script', 'facebook-jssdk'));<\/script><\/p>\n","protected":false},"excerpt":{"rendered":"<p>Sin precedente en el mundo, este 1\u00ba de mayo, 2.3 millones marcharon en las 300 manifestaciones en Francia. Fueron reprimidas salvajemente por la polic\u00eda, sin poder detenerlas. El rechazo a la reforma de la Ley de Retiro se hizo presente desde enero de 2023. Con gran esp\u00edritu contestatario, desde entonces han ocurrido manifestaciones, huelgas, acciones [&hellip;]<\/p>\n","protected":false},"author":2,"featured_media":9369,"comment_status":"","ping_status":"","sticky":false,"template":"","format":"standard","meta":{"_monsterinsights_skip_tracking":false,"_monsterinsights_sitenote_active":false,"_monsterinsights_sitenote_note":"","_monsterinsights_sitenote_category":0,"footnotes":""},"categories":[9],"tags":[],"class_list":["post-9368","post","type-post","status-publish","format-standard","has-post-thumbnail","hentry","category-deportes"],"_links":{"self":[{"href":"https:\/\/informebajio.com.mx\/index.php?rest_route=\/wp\/v2\/posts\/9368","targetHints":{"allow":["GET"]}}],"collection":[{"href":"https:\/\/informebajio.com.mx\/index.php?rest_route=\/wp\/v2\/posts"}],"about":[{"href":"https:\/\/informebajio.com.mx\/index.php?rest_route=\/wp\/v2\/types\/post"}],"author":[{"embeddable":true,"href":"https:\/\/informebajio.com.mx\/index.php?rest_route=\/wp\/v2\/users\/2"}],"replies":[{"embeddable":true,"href":"https:\/\/informebajio.com.mx\/index.php?rest_route=%2Fwp%2Fv2%2Fcomments&post=9368"}],"version-history":[{"count":0,"href":"https:\/\/informebajio.com.mx\/index.php?rest_route=\/wp\/v2\/posts\/9368\/revisions"}],"wp:featuredmedia":[{"embeddable":true,"href":"https:\/\/informebajio.com.mx\/index.php?rest_route=\/wp\/v2\/media\/9369"}],"wp:attachment":[{"href":"https:\/\/informebajio.com.mx\/index.php?rest_route=%2Fwp%2Fv2%2Fmedia&parent=9368"}],"wp:term":[{"taxonomy":"category","embeddable":true,"href":"https:\/\/informebajio.com.mx\/index.php?rest_route=%2Fwp%2Fv2%2Fcategories&post=9368"},{"taxonomy":"post_tag","embeddable":true,"href":"https:\/\/informebajio.com.mx\/index.php?rest_route=%2Fwp%2Fv2%2Ftags&post=9368"}],"curies":[{"name":"wp","href":"https:\/\/api.w.org\/{rel}","templated":true}]}}