{"id":9370,"date":"2023-05-07T09:06:00","date_gmt":"2023-05-07T14:06:00","guid":{"rendered":"https:\/\/informebajio.com.mx\/?p=9370"},"modified":"2023-05-07T09:06:00","modified_gmt":"2023-05-07T14:06:00","slug":"diputado-pide-reforma-la-ley-organica-para-conformacion-de-nuevas-bancadas","status":"publish","type":"post","link":"https:\/\/informebajio.com.mx\/?p=9370","title":{"rendered":"Diputado pide reforma la Ley Org\u00e1nica para conformaci\u00f3n de nuevas bancadas\u00a0"},"content":{"rendered":"<div id=\"content-body-225-10023961\">\n<p>Morelia, Michoac\u00e1n (OEM-Infomex).-<b> La Ley Org\u00e1nica del Congreso <\/b>debe reformarse y adecuarse a las nuevas realidades pol\u00edticas para que no haya restricciones en cuanto a la conformaci\u00f3n de nuevos grupos parlamentarios al interior del Legislativo, as\u00ed lo consider\u00f3 el diputado local, <b>Marco Polo Aguirre Ch\u00e1vez. <\/b><\/p>\n<p>En d\u00edas pasados, los diputados <b>V\u00edctor Manr\u00edquez Gonz\u00e1lez y Oscar Escobar Ledesma,<\/b> quienes ahora forman parte de Movimiento Ciudadano adelantaron que solicitar\u00e1n a la Mesa Directiva del Congreso la conformaci\u00f3n de la bancada naranja, esto pese a que en el art\u00edculo<b> 15 de la Ley Org\u00e1nica <\/b>se\u00f1ala que, \u201cla documentaci\u00f3n debe entregarse en la segunda sesi\u00f3n del primer a\u00f1o de ejercicio de la Legislatura.<\/p>\n<p>El presidente del Congreso, una vez examinada la documentaci\u00f3n, en <b>la misma Sesi\u00f3n har\u00e1 la declaratoria de constituci\u00f3n <\/b>de los grupos parlamentarios y representaciones parlamentarias\u201d.<\/p>\n<p>Y es que en el pasado proceso electoral, el partido <b>Movimiento Ciudadano<\/b> s\u00f3lo tuvieron acceso a una diputaci\u00f3n local, sin embargo ahora son<b> dos diputados Manr\u00edquez y Escobar<\/b> los que pretenden conformar el grupo parlamentario., <\/p>\n<p>Incluso los dos legisladores advirtieron que acudir\u00e1n a los tribunales para defender su derecho a contar con un grupo parlamentario de <b>Movimiento Ciudadano dentro del Congreso local. <\/b><\/p>\n<p>En entrevista con<b> El Sol de Morelia, <\/b>el coordinador de la Representaci\u00f3n Parlamentario, Aguirre Ch\u00e1vez dijo ser respetuoso de las determinaciones legales que emprendan sus hom\u00f3logos, al tiempo de reconocer la necesidad de que sea reformada la Ley Org\u00e1nica del Congreso para que el documento se adec\u00fae a las nuevas realidades pol\u00edticas que se viven en la entidad. <\/p>\n<p>Si bien <b>Aguirre Ch\u00e1vez<\/b>, consider\u00f3 que la<b> Ley Org\u00e1nica <\/b>se tiene que adaptar para que diputados pueden cambiar e incorporarse a otras bancadas, porque antes era un<b><i> \u201ctema de control pol\u00edtico\u201d, <\/i><\/b>tambi\u00e9n el ex priista refiri\u00f3 que estos cambios no deben ser solo a \u201ccontentillo\u201d o por un inter\u00e9s propio que en este caso viene de los <b>legisladores Manr\u00edquez Gonz\u00e1lez y Escobar Ledesma. <\/b><\/p>\n<p>El diputado inform\u00f3 que tras la salida de las diputadas de la<b> Revoluci\u00f3n Democr\u00e1tica (PRD), las dos legisladoras del Partido Encuentro Solidario (PES) y del Verde Ecologista (PVEM), la Representaci\u00f3n Parlamentaria <\/b>que estaba integrada por 15 diputados, ahora ser\u00e1n s\u00f3lo nueve congresistas.<\/p>\n<\/div>\n<p><script>(function(d, s, id) {\nvar js, fjs = d.getElementsByTagName(s)[0];\nif (d.getElementById(id)) return;\njs = d.createElement(s); js.id = id;\njs.src = 'https:\/\/connect.facebook.net\/es_LA\/sdk.js#xfbml=1&version=v3.2&appId=2304818722879035&autoLogAppEvents=1';\nfjs.parentNode.insertBefore(js, fjs);\n}(document, 'script', 'facebook-jssdk'));\n<\/script><\/p>\n","protected":false},"excerpt":{"rendered":"<p>Morelia, Michoac\u00e1n (OEM-Infomex).- La Ley Org\u00e1nica del Congreso debe reformarse y adecuarse a las nuevas realidades pol\u00edticas para que no haya restricciones en cuanto a la conformaci\u00f3n de nuevos grupos parlamentarios al interior del Legislativo, as\u00ed lo consider\u00f3 el diputado local, Marco Polo Aguirre Ch\u00e1vez. En d\u00edas pasados, los diputados V\u00edctor Manr\u00edquez Gonz\u00e1lez y Oscar [&hellip;]<\/p>\n","protected":false},"author":2,"featured_media":9371,"comment_status":"","ping_status":"","sticky":false,"template":"","format":"standard","meta":{"_monsterinsights_skip_tracking":false,"_monsterinsights_sitenote_active":false,"_monsterinsights_sitenote_note":"","_monsterinsights_sitenote_category":0,"footnotes":""},"categories":[7],"tags":[],"class_list":["post-9370","post","type-post","status-publish","format-standard","has-post-thumbnail","hentry","category-michoacan"],"_links":{"self":[{"href":"https:\/\/informebajio.com.mx\/index.php?rest_route=\/wp\/v2\/posts\/9370","targetHints":{"allow":["GET"]}}],"collection":[{"href":"https:\/\/informebajio.com.mx\/index.php?rest_route=\/wp\/v2\/posts"}],"about":[{"href":"https:\/\/informebajio.com.mx\/index.php?rest_route=\/wp\/v2\/types\/post"}],"author":[{"embeddable":true,"href":"https:\/\/informebajio.com.mx\/index.php?rest_route=\/wp\/v2\/users\/2"}],"replies":[{"embeddable":true,"href":"https:\/\/informebajio.com.mx\/index.php?rest_route=%2Fwp%2Fv2%2Fcomments&post=9370"}],"version-history":[{"count":0,"href":"https:\/\/informebajio.com.mx\/index.php?rest_route=\/wp\/v2\/posts\/9370\/revisions"}],"wp:featuredmedia":[{"embeddable":true,"href":"https:\/\/informebajio.com.mx\/index.php?rest_route=\/wp\/v2\/media\/9371"}],"wp:attachment":[{"href":"https:\/\/informebajio.com.mx\/index.php?rest_route=%2Fwp%2Fv2%2Fmedia&parent=9370"}],"wp:term":[{"taxonomy":"category","embeddable":true,"href":"https:\/\/informebajio.com.mx\/index.php?rest_route=%2Fwp%2Fv2%2Fcategories&post=9370"},{"taxonomy":"post_tag","embeddable":true,"href":"https:\/\/informebajio.com.mx\/index.php?rest_route=%2Fwp%2Fv2%2Ftags&post=9370"}],"curies":[{"name":"wp","href":"https:\/\/api.w.org\/{rel}","templated":true}]}}