{"id":9380,"date":"2023-05-07T11:41:38","date_gmt":"2023-05-07T16:41:38","guid":{"rendered":"https:\/\/informebajio.com.mx\/?p=9380"},"modified":"2023-05-07T11:41:38","modified_gmt":"2023-05-07T16:41:38","slug":"agradecen-salud-y-trabajo-a-la-santa-cruz","status":"publish","type":"post","link":"https:\/\/informebajio.com.mx\/?p=9380","title":{"rendered":"Agradecen salud y trabajo a la Santa Cruz"},"content":{"rendered":"<div id=\"content-body-5851641-10008231\">\n<p><b>Salud y trabajo son las principales peticiones de los alba\u00f1iles en su d\u00eda<\/b>, luego de participar en la tradicional <b>peregrinaci\u00f3n<\/b> en honor a la<b> <a rel=\"Follow noopener\" target=\"_self\" href=\"https:\/\/www.elsoldesanjuandelrio.com.mx\/local\/festejan-desde-hace-40-anos-a-la-santa-cruz-1585303.html\">Santa Cruz <\/a>por las calles c\u00e9ntricas <\/b>del municipio de San Juan del R\u00edo.<\/p>\n<p>Entrevistado al respecto, Gulmaro Sol\u00eds Rosales, comparti\u00f3 que <b>desde hace 25 a\u00f1os se ha dedicado a la labor de la alba\u00f1iler\u00eda<\/b> y aunque es una ruda labor, le ha permitido tener un modo de vida, pues \u00e9l junto su familia, se han logrado mantener de este trabajo.<\/p>\n<p><i>\u201cYa tengo 25 a\u00f1os en el trabajo de la construcci\u00f3n y aunque no he participado todos los a\u00f1os en la peregrinaci\u00f3n, siempre trato de acudir, para m\u00ed y mi familia, significa mucho porque venimos a darle gracias a la Santa Cruz por el trabajo que hemos recibido en las obras, que nos de fuerza y salud en todo el a\u00f1o y que nos d\u00e9 m\u00e1s trabajo porque gracias a Dios no ha fallado la chamba como en otros a\u00f1os que le batallamos, hubo obras que despidieron y descansaron a la gente pero ac\u00e1 nosotros bendito sea Dios tuvimos trabajo\u201d,<\/i> comparti\u00f3.<\/p>\n<p>Por su parte, Santos Hern\u00e1ndez Correa y Jes\u00fas Aguilera D\u00edaz, coincidieron en que lo primordial este a\u00f1o, <b>es agradecer por la salud y el trabajo,<\/b> despu\u00e9s de considerar que fueron<b> tiempos dif\u00edciles los de la pandemia por Covid-19<\/b>, ambos aseguraron que este 3 de mayo, es una fecha especial para agradecer por los favores recibidos.<\/p>\n<p><i>\u201cRepresenta mucho porque Dios nuestro se\u00f1or carg\u00f3 su cruz, hoy venimos a darle gracias a Dios que no nos ha faltado el trabajo, nos da mucha emoci\u00f3n, Dios es el que nos da licencia de tener vida y fuerzas para trabajar y andar en la vida, Diosito es el que nos da salud\u201d.<\/i><\/p>\n<p><b>\u27a1\ufe0f <\/b><a href=\"https:\/\/oem.us16.list-manage.com\/subscribe?u=c04a811ee61dc85305bf7133b&amp;id=f1b85ee5bb\"><b>Suscr\u00edbete a nuestro Newsletter y recibe las notas m\u00e1s relevantes en tu correo<\/b><\/a><\/p>\n<p>El organizador de la peregrinaci\u00f3n,<b> Vicente Ordaz Gonz\u00e1lez<\/b> inform\u00f3 que <b>este a\u00f1o se cumplen 57 a\u00f1os de llevar a cabo esta tradici\u00f3n<\/b>, a la cual cada vez acuden m\u00e1s creyentes pues no solo es para los trabajadores de la construcci\u00f3n sino ciudadan\u00eda en general, es por ello, que estim\u00f3 que el a\u00f1o siguiente haya una mayor afluencia, pues este a\u00f1o <b>cientos de fervientes acudieron a caminar y escuchar misa en el atrio parroquial<\/b> con motivo del D\u00eda de la Santa Cruz.<\/p>\n<\/div>\n<p><script>(function(d, s, id) {\nvar js, fjs = d.getElementsByTagName(s)[0];\nif (d.getElementById(id)) return;\njs = d.createElement(s); js.id = id;\njs.src = 'https:\/\/connect.facebook.net\/es_LA\/sdk.js#xfbml=1&version=v3.2&appId=232029482016746&autoLogAppEvents=1';\nfjs.parentNode.insertBefore(js, fjs);\n}(document, 'script', 'facebook-jssdk'));\n<\/script><\/p>\n","protected":false},"excerpt":{"rendered":"<p>Salud y trabajo son las principales peticiones de los alba\u00f1iles en su d\u00eda, luego de participar en la tradicional peregrinaci\u00f3n en honor a la Santa Cruz por las calles c\u00e9ntricas del municipio de San Juan del R\u00edo. Entrevistado al respecto, Gulmaro Sol\u00eds Rosales, comparti\u00f3 que desde hace 25 a\u00f1os se ha dedicado a la labor [&hellip;]<\/p>\n","protected":false},"author":2,"featured_media":9381,"comment_status":"","ping_status":"","sticky":false,"template":"","format":"standard","meta":{"_monsterinsights_skip_tracking":false,"_monsterinsights_sitenote_active":false,"_monsterinsights_sitenote_note":"","_monsterinsights_sitenote_category":0,"footnotes":""},"categories":[6],"tags":[],"class_list":["post-9380","post","type-post","status-publish","format-standard","has-post-thumbnail","hentry","category-san-juan-del-rio"],"_links":{"self":[{"href":"https:\/\/informebajio.com.mx\/index.php?rest_route=\/wp\/v2\/posts\/9380","targetHints":{"allow":["GET"]}}],"collection":[{"href":"https:\/\/informebajio.com.mx\/index.php?rest_route=\/wp\/v2\/posts"}],"about":[{"href":"https:\/\/informebajio.com.mx\/index.php?rest_route=\/wp\/v2\/types\/post"}],"author":[{"embeddable":true,"href":"https:\/\/informebajio.com.mx\/index.php?rest_route=\/wp\/v2\/users\/2"}],"replies":[{"embeddable":true,"href":"https:\/\/informebajio.com.mx\/index.php?rest_route=%2Fwp%2Fv2%2Fcomments&post=9380"}],"version-history":[{"count":0,"href":"https:\/\/informebajio.com.mx\/index.php?rest_route=\/wp\/v2\/posts\/9380\/revisions"}],"wp:featuredmedia":[{"embeddable":true,"href":"https:\/\/informebajio.com.mx\/index.php?rest_route=\/wp\/v2\/media\/9381"}],"wp:attachment":[{"href":"https:\/\/informebajio.com.mx\/index.php?rest_route=%2Fwp%2Fv2%2Fmedia&parent=9380"}],"wp:term":[{"taxonomy":"category","embeddable":true,"href":"https:\/\/informebajio.com.mx\/index.php?rest_route=%2Fwp%2Fv2%2Fcategories&post=9380"},{"taxonomy":"post_tag","embeddable":true,"href":"https:\/\/informebajio.com.mx\/index.php?rest_route=%2Fwp%2Fv2%2Ftags&post=9380"}],"curies":[{"name":"wp","href":"https:\/\/api.w.org\/{rel}","templated":true}]}}