{"id":9430,"date":"2023-05-08T11:53:14","date_gmt":"2023-05-08T16:53:14","guid":{"rendered":"https:\/\/informebajio.com.mx\/?p=9430"},"modified":"2023-05-08T11:53:14","modified_gmt":"2023-05-08T16:53:14","slug":"dayane-sera-la-reina-de-la-feria-san-juan-del-rio","status":"publish","type":"post","link":"https:\/\/informebajio.com.mx\/?p=9430","title":{"rendered":"Dayane ser\u00e1 la reina de la feria San Juan del R\u00edo"},"content":{"rendered":"<div id=\"content-body-5851641-10030937\">\n<p>De manera extraoficial ha trascendido que la joven <b>Dayane B\u00e1rcena del Bosque ser\u00e1 la soberana<\/b> que porte la corona de las<a href=\"https:\/\/www.elsoldesanjuandelrio.com.mx\/local\/van-10-mdp-para-feria-san-juan-2023-9410152.html\" target=\"_self\" rel=\"Follow noopener\"> <b>fiestas San Juan del R\u00edo 2023<\/b><\/a>, esto en el marco de la <b>feria que se llevar\u00e1 a cabo del 16 de junio al 2 de julio<\/b>, y se prev\u00e9 que su presentaci\u00f3n sea durante los pr\u00f3ximos d\u00edas.<\/p>\n<p><b>Dayane de 22 a\u00f1os,<\/b> quien en reiteradas ocasiones ha sido medallista por su destacada participaci\u00f3n en torneos de tenis locales, estatales y nacionales, ahora <b>ser\u00e1 quien represente a las mujeres sanjuanenses,<\/b> impulsando con ello el deporte y una vida saludable.<\/p>\n<p>De acuerdo a lo que se sabe de la vida acad\u00e9mica de la joven, es que, <b>actualmente estudia en la Universidad An\u00e1huac<\/b> de la capital del estado de Quer\u00e9taro, aficionada desde luego al deporte y los caballos, adem\u00e1s de que goza de una familia que la apoya en cada uno de los encuentros. <\/p>\n<p>En entrevistas realizadas por <b>EL SOL DE SAN JUAN DEL R\u00cdO<\/b>, a prop\u00f3sito de sus logros deportivos, la tenista ha mencionado que dentro de sus aspiraciones est\u00e1 el hecho se seguir e<b>scalando en el ranking nacional, y representar a M\u00e9xico en torneos internacionales<\/b>, poniendo muy en alto el nombre de San Juan del R\u00edo.<\/p>\n<p>En lo que corresponde a la presidencia municipal, apenas se dio a conocer que, este 2023, en el<b> 492 aniversario de la fundaci\u00f3n del municipio<\/b>, ha preparado un programa de <b>actividades art\u00edsticas, deportivas y culturales para toda la familia<\/b>, en donde la soberana ser\u00e1 una inmejorable representante. <\/p>\n<p><b>\u27a1\ufe0f <\/b><a href=\"https:\/\/oem.us16.list-manage.com\/subscribe?u=c04a811ee61dc85305bf7133b&amp;id=f1b85ee5bb\"><b>Suscr\u00edbete a nuestro Newsletter y recibe las notas m\u00e1s relevantes en tu correo<\/b><\/a><\/p>\n<\/div>\n<p><script>(function(d, s, id) {\nvar js, fjs = d.getElementsByTagName(s)[0];\nif (d.getElementById(id)) return;\njs = d.createElement(s); js.id = id;\njs.src = 'https:\/\/connect.facebook.net\/es_LA\/sdk.js#xfbml=1&version=v3.2&appId=232029482016746&autoLogAppEvents=1';\nfjs.parentNode.insertBefore(js, fjs);\n}(document, 'script', 'facebook-jssdk'));\n<\/script><\/p>\n","protected":false},"excerpt":{"rendered":"<p>De manera extraoficial ha trascendido que la joven Dayane B\u00e1rcena del Bosque ser\u00e1 la soberana que porte la corona de las fiestas San Juan del R\u00edo 2023, esto en el marco de la feria que se llevar\u00e1 a cabo del 16 de junio al 2 de julio, y se prev\u00e9 que su presentaci\u00f3n sea durante [&hellip;]<\/p>\n","protected":false},"author":2,"featured_media":9431,"comment_status":"","ping_status":"","sticky":false,"template":"","format":"standard","meta":{"_monsterinsights_skip_tracking":false,"_monsterinsights_sitenote_active":false,"_monsterinsights_sitenote_note":"","_monsterinsights_sitenote_category":0,"footnotes":""},"categories":[6],"tags":[],"class_list":["post-9430","post","type-post","status-publish","format-standard","has-post-thumbnail","hentry","category-san-juan-del-rio"],"_links":{"self":[{"href":"https:\/\/informebajio.com.mx\/index.php?rest_route=\/wp\/v2\/posts\/9430","targetHints":{"allow":["GET"]}}],"collection":[{"href":"https:\/\/informebajio.com.mx\/index.php?rest_route=\/wp\/v2\/posts"}],"about":[{"href":"https:\/\/informebajio.com.mx\/index.php?rest_route=\/wp\/v2\/types\/post"}],"author":[{"embeddable":true,"href":"https:\/\/informebajio.com.mx\/index.php?rest_route=\/wp\/v2\/users\/2"}],"replies":[{"embeddable":true,"href":"https:\/\/informebajio.com.mx\/index.php?rest_route=%2Fwp%2Fv2%2Fcomments&post=9430"}],"version-history":[{"count":0,"href":"https:\/\/informebajio.com.mx\/index.php?rest_route=\/wp\/v2\/posts\/9430\/revisions"}],"wp:featuredmedia":[{"embeddable":true,"href":"https:\/\/informebajio.com.mx\/index.php?rest_route=\/wp\/v2\/media\/9431"}],"wp:attachment":[{"href":"https:\/\/informebajio.com.mx\/index.php?rest_route=%2Fwp%2Fv2%2Fmedia&parent=9430"}],"wp:term":[{"taxonomy":"category","embeddable":true,"href":"https:\/\/informebajio.com.mx\/index.php?rest_route=%2Fwp%2Fv2%2Fcategories&post=9430"},{"taxonomy":"post_tag","embeddable":true,"href":"https:\/\/informebajio.com.mx\/index.php?rest_route=%2Fwp%2Fv2%2Ftags&post=9430"}],"curies":[{"name":"wp","href":"https:\/\/api.w.org\/{rel}","templated":true}]}}