{"id":9434,"date":"2023-05-08T12:09:23","date_gmt":"2023-05-08T17:09:23","guid":{"rendered":"https:\/\/informebajio.com.mx\/?p=9434"},"modified":"2023-05-08T12:09:23","modified_gmt":"2023-05-08T17:09:23","slug":"dan-ultimo-adios-a-mariana-pechir","status":"publish","type":"post","link":"https:\/\/informebajio.com.mx\/?p=9434","title":{"rendered":"Dan \u00faltimo adi\u00f3s a Mariana Pechir"},"content":{"rendered":"<div>\n<p>Diego Gonz\u00e1lez<\/p>\n<p>Noticias<\/p>\n<p>Sus restos descansan en el pante\u00f3n de Santa B\u00e1rbara<\/p>\n<p><!-- Composite Start --><\/p>\n<p><!-- Composite End --><\/p>\n<p>La tarde de este s\u00e1bado, familiares y amigos se dieron cita en la iglesia de Santa B\u00e1rbara, en el municipio de Corregidora, para decir adi\u00f3s a la joven Mariana Pechir, quien perdiera la vida tras varios d\u00edas de permanecer hospitalizada debido a las lesiones provocadas por un balazo que recibi\u00f3 en la cabeza.<\/p>\n<p>Familiares, amigos, vecinos del fraccionamiento Puerta Real y de colonias aleda\u00f1as, acudieron a la parroquia de Santa B\u00e1rbara, en donde se llev\u00f3 a cabo una emotiva misa en memoria de la joven que fuera atacada por una supuesta amiga.<\/p>\n<p>Con oraciones y palabras de aliento, el p\u00e1rroco dio consuelo a los padres y abuelos de Mariana, as\u00ed como a sus amistades que, vestidos con ropa de color blanco, asistieron para pedir por su eterno descanso.<\/p>\n<p>Tras finalizar la misa, sali\u00f3 una caravana rumbo al pante\u00f3n \u201cNicol\u00e1s Olvera\u201d, en el municipio de Corregidora, para acompa\u00f1ar a Mariana hasta su \u00faltima morada, en donde era evidente el desconsuelo de sus familiares y amigos.<\/p>\n<p>Con flores, globos y veladoras arreglaron el lugar donde descansa el cuerpo de la joven Mariana.<\/p>\n<p>Inevitable fue el sentimiento de quienes asistieron cuando en alg\u00fan momento clamaron justicia y luego brindaron minutos de aplausos para Mariana.<\/p>\n<p><img loading=\"lazy\" decoding=\"async\" class=\"alignnone size-medium wp-image-598129\" src=\"https:\/\/cdn.noticiasdequeretaro.com.mx\/wp-content\/uploads\/2023\/05\/07123132\/DESPIDEN-1-600x349.jpeg\" alt=\"\" width=\"600\" height=\"349\" srcset=\"https:\/\/cdn.noticiasdequeretaro.com.mx\/wp-content\/uploads\/2023\/05\/07123132\/DESPIDEN-1-600x349.jpeg 600w, https:\/\/cdn.noticiasdequeretaro.com.mx\/wp-content\/uploads\/2023\/05\/07123132\/DESPIDEN-1-1024x595.jpeg 1024w, https:\/\/cdn.noticiasdequeretaro.com.mx\/wp-content\/uploads\/2023\/05\/07123132\/DESPIDEN-1-300x174.jpeg 300w, https:\/\/cdn.noticiasdequeretaro.com.mx\/wp-content\/uploads\/2023\/05\/07123132\/DESPIDEN-1-768x446.jpeg 768w, https:\/\/cdn.noticiasdequeretaro.com.mx\/wp-content\/uploads\/2023\/05\/07123132\/DESPIDEN-1.jpeg 1280w\" sizes=\"auto, (max-width: 600px) 100vw, 600px\"\/> \u00a0<img loading=\"lazy\" decoding=\"async\" class=\"alignnone size-medium wp-image-598131\" src=\"https:\/\/cdn.noticiasdequeretaro.com.mx\/wp-content\/uploads\/2023\/05\/07123210\/DESPIDEN-3-600x336.png\" alt=\"\" width=\"600\" height=\"336\" srcset=\"https:\/\/cdn.noticiasdequeretaro.com.mx\/wp-content\/uploads\/2023\/05\/07123210\/DESPIDEN-3-600x336.png 600w, https:\/\/cdn.noticiasdequeretaro.com.mx\/wp-content\/uploads\/2023\/05\/07123210\/DESPIDEN-3-300x168.png 300w, https:\/\/cdn.noticiasdequeretaro.com.mx\/wp-content\/uploads\/2023\/05\/07123210\/DESPIDEN-3-768x430.png 768w, https:\/\/cdn.noticiasdequeretaro.com.mx\/wp-content\/uploads\/2023\/05\/07123210\/DESPIDEN-3.png 1001w\" sizes=\"auto, (max-width: 600px) 100vw, 600px\"\/> <img loading=\"lazy\" decoding=\"async\" class=\"alignnone size-medium wp-image-598132\" src=\"https:\/\/cdn.noticiasdequeretaro.com.mx\/wp-content\/uploads\/2023\/05\/07123227\/DESPIDEN-4-600x444.png\" alt=\"\" width=\"600\" height=\"444\" srcset=\"https:\/\/cdn.noticiasdequeretaro.com.mx\/wp-content\/uploads\/2023\/05\/07123227\/DESPIDEN-4-600x444.png 600w, https:\/\/cdn.noticiasdequeretaro.com.mx\/wp-content\/uploads\/2023\/05\/07123227\/DESPIDEN-4-300x222.png 300w, https:\/\/cdn.noticiasdequeretaro.com.mx\/wp-content\/uploads\/2023\/05\/07123227\/DESPIDEN-4-768x568.png 768w, https:\/\/cdn.noticiasdequeretaro.com.mx\/wp-content\/uploads\/2023\/05\/07123227\/DESPIDEN-4.png 1003w\" sizes=\"auto, (max-width: 600px) 100vw, 600px\"\/><\/p>\n<\/div>\n<p><\/p>\n","protected":false},"excerpt":{"rendered":"<p>Diego Gonz\u00e1lez Noticias Sus restos descansan en el pante\u00f3n de Santa B\u00e1rbara La tarde de este s\u00e1bado, familiares y amigos se dieron cita en la iglesia de Santa B\u00e1rbara, en el municipio de Corregidora, para decir adi\u00f3s a la joven Mariana Pechir, quien perdiera la vida tras varios d\u00edas de permanecer hospitalizada debido a las [&hellip;]<\/p>\n","protected":false},"author":2,"featured_media":9435,"comment_status":"","ping_status":"","sticky":false,"template":"","format":"standard","meta":{"_monsterinsights_skip_tracking":false,"_monsterinsights_sitenote_active":false,"_monsterinsights_sitenote_note":"","_monsterinsights_sitenote_category":0,"footnotes":""},"categories":[4],"tags":[],"class_list":["post-9434","post","type-post","status-publish","format-standard","has-post-thumbnail","hentry","category-queretaro"],"_links":{"self":[{"href":"https:\/\/informebajio.com.mx\/index.php?rest_route=\/wp\/v2\/posts\/9434","targetHints":{"allow":["GET"]}}],"collection":[{"href":"https:\/\/informebajio.com.mx\/index.php?rest_route=\/wp\/v2\/posts"}],"about":[{"href":"https:\/\/informebajio.com.mx\/index.php?rest_route=\/wp\/v2\/types\/post"}],"author":[{"embeddable":true,"href":"https:\/\/informebajio.com.mx\/index.php?rest_route=\/wp\/v2\/users\/2"}],"replies":[{"embeddable":true,"href":"https:\/\/informebajio.com.mx\/index.php?rest_route=%2Fwp%2Fv2%2Fcomments&post=9434"}],"version-history":[{"count":0,"href":"https:\/\/informebajio.com.mx\/index.php?rest_route=\/wp\/v2\/posts\/9434\/revisions"}],"wp:featuredmedia":[{"embeddable":true,"href":"https:\/\/informebajio.com.mx\/index.php?rest_route=\/wp\/v2\/media\/9435"}],"wp:attachment":[{"href":"https:\/\/informebajio.com.mx\/index.php?rest_route=%2Fwp%2Fv2%2Fmedia&parent=9434"}],"wp:term":[{"taxonomy":"category","embeddable":true,"href":"https:\/\/informebajio.com.mx\/index.php?rest_route=%2Fwp%2Fv2%2Fcategories&post=9434"},{"taxonomy":"post_tag","embeddable":true,"href":"https:\/\/informebajio.com.mx\/index.php?rest_route=%2Fwp%2Fv2%2Ftags&post=9434"}],"curies":[{"name":"wp","href":"https:\/\/api.w.org\/{rel}","templated":true}]}}