{"id":9438,"date":"2023-05-08T13:29:57","date_gmt":"2023-05-08T18:29:57","guid":{"rendered":"https:\/\/informebajio.com.mx\/?p=9438"},"modified":"2023-05-08T13:29:57","modified_gmt":"2023-05-08T18:29:57","slug":"semigrante-sin-datos-de-michoacanos-desplazados-en-tijuana","status":"publish","type":"post","link":"https:\/\/informebajio.com.mx\/?p=9438","title":{"rendered":"Semigrante, sin datos de michoacanos desplazados en Tijuana"},"content":{"rendered":"<div id=\"content-body-225-10021721\">\n<p>Morelia, Michoac\u00e1n (OEM-Infomex).- La <b>Secretar\u00eda del Migrante en el estado (Semigrante)<\/b> no cuenta con <b>un registro de michoacanos desplazados en Tijuana<\/b> hasta el momento, reconoci\u00f3 la titular de la dependencia, Teresa Mora Covarrubias. <\/p>\n<p>Tras su reciente visita a la ciudad fronteriza, la funcionaria indic\u00f3 que <b>todos los d\u00edas Tijuana recibe una cantidad importante de repatriados<\/b>, no s\u00f3lo mexicanos o michoacanos, sino de todo el mundo, aunque <b>los datos del estado est\u00e1n siendo actualizados<\/b>. <\/p>\n<p>Respecto a la extensi\u00f3n de la oficina de la Semigrante en Tijuana, refiri\u00f3 que \u201cvamos muy avanzados en la colocaci\u00f3n (\u2026) <b>necesitamos en Michoac\u00e1n instalar un protocolo administrativo<\/b> para poder estar en condiciones de poner gente que tenga la capacidad de atender a los michoacanos\u201d.<\/p>\n<p>Sobre el costo que tendr\u00e1 la oficina, acot\u00f3 que <b>el lugar va a ser un comodato<\/b> por parte <b>del gobierno de Tijuana<\/b> y <b>Michoac\u00e1n <\/b>que estar\u00e1 colocando al personal; algunos ser\u00e1n contratados desde esta entidad y otros en la ciudad del norte.<\/p>\n<p>Agreg\u00f3 que es necesario empezar a dividir el tema del <b>desplazamiento forzado<\/b> de las que se trasladan all\u00e1 para tener una mejor calidad de vida, por lo que est\u00e1n generando una plataforma para dicha clasificaci\u00f3n.<\/p>\n<\/div>\n<p><script>(function(d, s, id) {\nvar js, fjs = d.getElementsByTagName(s)[0];\nif (d.getElementById(id)) return;\njs = d.createElement(s); js.id = id;\njs.src = 'https:\/\/connect.facebook.net\/es_LA\/sdk.js#xfbml=1&version=v3.2&appId=2304818722879035&autoLogAppEvents=1';\nfjs.parentNode.insertBefore(js, fjs);\n}(document, 'script', 'facebook-jssdk'));\n<\/script><\/p>\n","protected":false},"excerpt":{"rendered":"<p>Morelia, Michoac\u00e1n (OEM-Infomex).- La Secretar\u00eda del Migrante en el estado (Semigrante) no cuenta con un registro de michoacanos desplazados en Tijuana hasta el momento, reconoci\u00f3 la titular de la dependencia, Teresa Mora Covarrubias. Tras su reciente visita a la ciudad fronteriza, la funcionaria indic\u00f3 que todos los d\u00edas Tijuana recibe una cantidad importante de repatriados, [&hellip;]<\/p>\n","protected":false},"author":2,"featured_media":9439,"comment_status":"","ping_status":"","sticky":false,"template":"","format":"standard","meta":{"_monsterinsights_skip_tracking":false,"_monsterinsights_sitenote_active":false,"_monsterinsights_sitenote_note":"","_monsterinsights_sitenote_category":0,"footnotes":""},"categories":[7],"tags":[],"class_list":["post-9438","post","type-post","status-publish","format-standard","has-post-thumbnail","hentry","category-michoacan"],"_links":{"self":[{"href":"https:\/\/informebajio.com.mx\/index.php?rest_route=\/wp\/v2\/posts\/9438","targetHints":{"allow":["GET"]}}],"collection":[{"href":"https:\/\/informebajio.com.mx\/index.php?rest_route=\/wp\/v2\/posts"}],"about":[{"href":"https:\/\/informebajio.com.mx\/index.php?rest_route=\/wp\/v2\/types\/post"}],"author":[{"embeddable":true,"href":"https:\/\/informebajio.com.mx\/index.php?rest_route=\/wp\/v2\/users\/2"}],"replies":[{"embeddable":true,"href":"https:\/\/informebajio.com.mx\/index.php?rest_route=%2Fwp%2Fv2%2Fcomments&post=9438"}],"version-history":[{"count":0,"href":"https:\/\/informebajio.com.mx\/index.php?rest_route=\/wp\/v2\/posts\/9438\/revisions"}],"wp:featuredmedia":[{"embeddable":true,"href":"https:\/\/informebajio.com.mx\/index.php?rest_route=\/wp\/v2\/media\/9439"}],"wp:attachment":[{"href":"https:\/\/informebajio.com.mx\/index.php?rest_route=%2Fwp%2Fv2%2Fmedia&parent=9438"}],"wp:term":[{"taxonomy":"category","embeddable":true,"href":"https:\/\/informebajio.com.mx\/index.php?rest_route=%2Fwp%2Fv2%2Fcategories&post=9438"},{"taxonomy":"post_tag","embeddable":true,"href":"https:\/\/informebajio.com.mx\/index.php?rest_route=%2Fwp%2Fv2%2Ftags&post=9438"}],"curies":[{"name":"wp","href":"https:\/\/api.w.org\/{rel}","templated":true}]}}