{"id":9460,"date":"2023-05-08T22:14:24","date_gmt":"2023-05-09T03:14:24","guid":{"rendered":"https:\/\/informebajio.com.mx\/?p=9460"},"modified":"2023-05-08T22:14:24","modified_gmt":"2023-05-09T03:14:24","slug":"exigen-contratacion-de-personal-para-hospital-del-nino-morelense","status":"publish","type":"post","link":"https:\/\/informebajio.com.mx\/?p=9460","title":{"rendered":"Exigen contrataci\u00f3n de personal para hospital del Ni\u00f1o Morelense"},"content":{"rendered":"<div>\n<p>Trabajadores del hospital del Ni\u00f1o Morelense protestaron este lunes frente al palacio estatal, para exigir al gobernador, Cuauht\u00e9moc Blanco, la contrataci\u00f3n de m\u00e1s personal.<\/p>\n<p>(La Jornada)<\/p>\n<p>Cuernavaca, Mor.\u00a0Enfermeras y m\u00e9dicos del hospital del Ni\u00f1o Morelense protestaron este lunes frente a palacio estatal para exigir al gobernador Cuauht\u00e9moc Blanco Bravo, la contrataci\u00f3n de m\u00e1s personal, para atender a los menores de edad pues carecen de trabajadores de la salud.<\/p>\n<p>La protesta se realiz\u00f3 por la ma\u00f1ana en la explanada del z\u00f3calo de Cuernavaca, donde despacha el mandatario estatal.<\/p>\n<p>\u201cEstamos demandando la contrataci\u00f3n de m\u00e1s galenos y personal de enfermer\u00eda, ya que estamos trabajando en las \u00e1reas con el m\u00ednimo de la plantilla laboral, por ejemplo el \u00e1rea de urgencias se ha quedado \u00fanicamente con un m\u00e9dico para cubrir la sala de choque; de urgencias cr\u00edticas y no cr\u00edticas; y las consultas de urgencias, por m\u00e1s que el doctor quiera dar la mejor atenci\u00f3n, es demasiado\u201d.<\/p>\n<div class=\"wp-block-image\">\n<figure class=\"aligncenter size-full\"><img loading=\"lazy\" decoding=\"async\" width=\"745\" height=\"558\" alt=\"\" srcset=\"https:\/\/laroja.com.mx\/wp-content\/uploads\/2023\/05\/image-53.png 745w, https:\/\/laroja.com.mx\/wp-content\/uploads\/2023\/05\/image-53-600x449.png 600w, https:\/\/laroja.com.mx\/wp-content\/uploads\/2023\/05\/image-53-150x112.png 150w\" src=\"https:\/\/laroja.com.mx\/wp-content\/uploads\/2023\/05\/image-53.png\" data-sizes=\"(max-width: 745px) 100vw, 745px\" class=\"wp-image-145843 lazyload\" bad-src=\"data:image\/gif;base64,R0lGODlhAQABAAAAACH5BAEKAAEALAAAAAABAAEAAAICTAEAOw==\"\/><noscript><img loading=\"lazy\" decoding=\"async\" width=\"745\" height=\"558\" src=\"https:\/\/laroja.com.mx\/wp-content\/uploads\/2023\/05\/image-53.png\" alt=\"\" class=\"wp-image-145843\" srcset=\"https:\/\/laroja.com.mx\/wp-content\/uploads\/2023\/05\/image-53.png 745w, https:\/\/laroja.com.mx\/wp-content\/uploads\/2023\/05\/image-53-600x449.png 600w, https:\/\/laroja.com.mx\/wp-content\/uploads\/2023\/05\/image-53-150x112.png 150w\" sizes=\"auto, (max-width: 745px) 100vw, 745px\"\/><\/noscript><figcaption class=\"wp-element-caption\">Foto: Rubicela Morelos (La Jornada)<\/figcaption><\/figure>\n<\/div><\/div>\n<p><\/p>\n","protected":false},"excerpt":{"rendered":"<p>Trabajadores del hospital del Ni\u00f1o Morelense protestaron este lunes frente al palacio estatal, para exigir al gobernador, Cuauht\u00e9moc Blanco, la contrataci\u00f3n de m\u00e1s personal. (La Jornada) Cuernavaca, Mor.\u00a0Enfermeras y m\u00e9dicos del hospital del Ni\u00f1o Morelense protestaron este lunes frente a palacio estatal para exigir al gobernador Cuauht\u00e9moc Blanco Bravo, la contrataci\u00f3n de m\u00e1s personal, para [&hellip;]<\/p>\n","protected":false},"author":2,"featured_media":9461,"comment_status":"","ping_status":"","sticky":false,"template":"","format":"standard","meta":{"_monsterinsights_skip_tracking":false,"_monsterinsights_sitenote_active":false,"_monsterinsights_sitenote_note":"","_monsterinsights_sitenote_category":0,"footnotes":""},"categories":[5],"tags":[],"class_list":["post-9460","post","type-post","status-publish","format-standard","has-post-thumbnail","hentry","category-san-luis-potosi"],"_links":{"self":[{"href":"https:\/\/informebajio.com.mx\/index.php?rest_route=\/wp\/v2\/posts\/9460","targetHints":{"allow":["GET"]}}],"collection":[{"href":"https:\/\/informebajio.com.mx\/index.php?rest_route=\/wp\/v2\/posts"}],"about":[{"href":"https:\/\/informebajio.com.mx\/index.php?rest_route=\/wp\/v2\/types\/post"}],"author":[{"embeddable":true,"href":"https:\/\/informebajio.com.mx\/index.php?rest_route=\/wp\/v2\/users\/2"}],"replies":[{"embeddable":true,"href":"https:\/\/informebajio.com.mx\/index.php?rest_route=%2Fwp%2Fv2%2Fcomments&post=9460"}],"version-history":[{"count":0,"href":"https:\/\/informebajio.com.mx\/index.php?rest_route=\/wp\/v2\/posts\/9460\/revisions"}],"wp:featuredmedia":[{"embeddable":true,"href":"https:\/\/informebajio.com.mx\/index.php?rest_route=\/wp\/v2\/media\/9461"}],"wp:attachment":[{"href":"https:\/\/informebajio.com.mx\/index.php?rest_route=%2Fwp%2Fv2%2Fmedia&parent=9460"}],"wp:term":[{"taxonomy":"category","embeddable":true,"href":"https:\/\/informebajio.com.mx\/index.php?rest_route=%2Fwp%2Fv2%2Fcategories&post=9460"},{"taxonomy":"post_tag","embeddable":true,"href":"https:\/\/informebajio.com.mx\/index.php?rest_route=%2Fwp%2Fv2%2Ftags&post=9460"}],"curies":[{"name":"wp","href":"https:\/\/api.w.org\/{rel}","templated":true}]}}